{"id":1196,"count":100,"description":"Los eventos religiosos representan los momentos en los que la comunidad de fieles se re\u00fane para celebrar, compartir y vivir juntos su fe. En esta secci\u00f3n es posible consultar el calendario actualizado de los eventos eclesiales, desde las grandes celebraciones lit\u00fargicas hasta los congresos teol\u00f3gicos, desde las procesiones hist\u00f3ricas hasta las manifestaciones culturales de inspiraci\u00f3n cristiana. Un recorrido completo entre citas, lugares y tradiciones que unen a creyentes y peregrinos en ocasiones de oraci\u00f3n, reflexi\u00f3n y participaci\u00f3n com\u00fan, bajo el signo de la espiritualidad y la vida de la Iglesia.","link":"https:\/\/www.vaticano.com\/es\/category\/noticias\/eventi-es\/","name":"Eventos","slug":"eventi-es","taxonomy":"category","parent":176,"meta":[],"yoast_head":"<!-- This site is optimized with the Yoast SEO plugin v28.4 - https:\/\/yoast.com\/product\/yoast-seo-wordpress\/ -->\n<title>Eventos Archivi - Vaticano.com<\/title>\n<meta name=\"robots\" content=\"index, follow, max-snippet:-1, max-image-preview:large, max-video-preview:-1\" \/>\n<link rel=\"canonical\" href=\"https:\/\/www.vaticano.com\/es\/category\/noticias\/eventi-es\/\" \/>\n<meta property=\"og:locale\" content=\"es_ES\" \/>\n<meta property=\"og:type\" content=\"article\" \/>\n<meta property=\"og:title\" content=\"Eventos Archivi - Vaticano.com\" \/>\n<meta property=\"og:description\" content=\"Los eventos religiosos representan los momentos en los que la comunidad de fieles se re\u00fane para celebrar, compartir y vivir juntos su fe. En esta secci\u00f3n es posible consultar el calendario actualizado de los eventos eclesiales, desde las grandes celebraciones lit\u00fargicas hasta los congresos teol\u00f3gicos, desde las procesiones hist\u00f3ricas hasta las manifestaciones culturales de inspiraci\u00f3n cristiana. Un recorrido completo entre citas, lugares y tradiciones que unen a creyentes y peregrinos en ocasiones de oraci\u00f3n, reflexi\u00f3n y participaci\u00f3n com\u00fan, bajo el signo de la espiritualidad y la vida de la Iglesia.\" \/>\n<meta property=\"og:url\" content=\"https:\/\/www.vaticano.com\/es\/category\/noticias\/eventi-es\/\" \/>\n<meta property=\"og:site_name\" content=\"Vaticano.com\" \/>\n<meta property=\"og:image\" content=\"https:\/\/www.vaticano.com\/wp-content\/uploads\/2026\/05\/vaticano-1.png\" \/>\n\t<meta property=\"og:image:width\" content=\"600\" \/>\n\t<meta property=\"og:image:height\" content=\"150\" \/>\n\t<meta property=\"og:image:type\" content=\"image\/png\" \/>\n<meta name=\"twitter:card\" content=\"summary_large_image\" \/>\n<script type=\"application\/ld+json\" class=\"yoast-schema-graph\">{\"@context\":\"https:\\\/\\\/schema.org\",\"@graph\":[{\"@type\":\"CollectionPage\",\"@id\":\"https:\\\/\\\/www.vaticano.com\\\/es\\\/category\\\/noticias\\\/eventi-es\\\/\",\"url\":\"https:\\\/\\\/www.vaticano.com\\\/es\\\/category\\\/noticias\\\/eventi-es\\\/\",\"name\":\"Eventos Archivi - Vaticano.com\",\"isPartOf\":{\"@id\":\"https:\\\/\\\/www.vaticano.com\\\/#website\"},\"breadcrumb\":{\"@id\":\"https:\\\/\\\/www.vaticano.com\\\/es\\\/category\\\/noticias\\\/eventi-es\\\/#breadcrumb\"},\"inLanguage\":\"es\"},{\"@type\":\"BreadcrumbList\",\"@id\":\"https:\\\/\\\/www.vaticano.com\\\/es\\\/category\\\/noticias\\\/eventi-es\\\/#breadcrumb\",\"itemListElement\":[{\"@type\":\"ListItem\",\"position\":1,\"name\":\"Home\",\"item\":\"https:\\\/\\\/www.vaticano.com\\\/es\\\/vaticano-com-religious-tourism-shrines-news\\\/\"},{\"@type\":\"ListItem\",\"position\":2,\"name\":\"Noticias\",\"item\":\"https:\\\/\\\/www.vaticano.com\\\/es\\\/category\\\/noticias\\\/\"},{\"@type\":\"ListItem\",\"position\":3,\"name\":\"Eventos\"}]},{\"@type\":\"WebSite\",\"@id\":\"https:\\\/\\\/www.vaticano.com\\\/#website\",\"url\":\"https:\\\/\\\/www.vaticano.com\\\/\",\"name\":\"Vaticano.com\",\"description\":\"Turismo Religioso, Santuari, Notizie dal mondo cattolico\",\"publisher\":{\"@id\":\"https:\\\/\\\/www.vaticano.com\\\/#organization\"},\"potentialAction\":[{\"@type\":\"SearchAction\",\"target\":{\"@type\":\"EntryPoint\",\"urlTemplate\":\"https:\\\/\\\/www.vaticano.com\\\/?s={search_term_string}\"},\"query-input\":{\"@type\":\"PropertyValueSpecification\",\"valueRequired\":true,\"valueName\":\"search_term_string\"}}],\"inLanguage\":\"es\"},{\"@type\":\"Organization\",\"@id\":\"https:\\\/\\\/www.vaticano.com\\\/#organization\",\"name\":\"Vaticano.com\",\"url\":\"https:\\\/\\\/www.vaticano.com\\\/\",\"logo\":{\"@type\":\"ImageObject\",\"inLanguage\":\"es\",\"@id\":\"https:\\\/\\\/www.vaticano.com\\\/#\\\/schema\\\/logo\\\/image\\\/\",\"url\":\"https:\\\/\\\/www.vaticano.com\\\/wp-content\\\/uploads\\\/2026\\\/05\\\/vaticano-1.png\",\"contentUrl\":\"https:\\\/\\\/www.vaticano.com\\\/wp-content\\\/uploads\\\/2026\\\/05\\\/vaticano-1.png\",\"width\":600,\"height\":150,\"caption\":\"Vaticano.com\"},\"image\":{\"@id\":\"https:\\\/\\\/www.vaticano.com\\\/#\\\/schema\\\/logo\\\/image\\\/\"}}]}<\/script>\n<!-- \/ Yoast SEO plugin. -->","yoast_head_json":{"title":"Eventos Archivi - Vaticano.com","robots":{"index":"index","follow":"follow","max-snippet":"max-snippet:-1","max-image-preview":"max-image-preview:large","max-video-preview":"max-video-preview:-1"},"canonical":"https:\/\/www.vaticano.com\/es\/category\/noticias\/eventi-es\/","og_locale":"es_ES","og_type":"article","og_title":"Eventos Archivi - Vaticano.com","og_description":"Los eventos religiosos representan los momentos en los que la comunidad de fieles se re\u00fane para celebrar, compartir y vivir juntos su fe. En esta secci\u00f3n es posible consultar el calendario actualizado de los eventos eclesiales, desde las grandes celebraciones lit\u00fargicas hasta los congresos teol\u00f3gicos, desde las procesiones hist\u00f3ricas hasta las manifestaciones culturales de inspiraci\u00f3n cristiana. Un recorrido completo entre citas, lugares y tradiciones que unen a creyentes y peregrinos en ocasiones de oraci\u00f3n, reflexi\u00f3n y participaci\u00f3n com\u00fan, bajo el signo de la espiritualidad y la vida de la Iglesia.","og_url":"https:\/\/www.vaticano.com\/es\/category\/noticias\/eventi-es\/","og_site_name":"Vaticano.com","og_image":[{"width":600,"height":150,"url":"https:\/\/www.vaticano.com\/wp-content\/uploads\/2026\/05\/vaticano-1.png","type":"image\/png"}],"twitter_card":"summary_large_image","schema":{"@context":"https:\/\/schema.org","@graph":[{"@type":"CollectionPage","@id":"https:\/\/www.vaticano.com\/es\/category\/noticias\/eventi-es\/","url":"https:\/\/www.vaticano.com\/es\/category\/noticias\/eventi-es\/","name":"Eventos Archivi - Vaticano.com","isPartOf":{"@id":"https:\/\/www.vaticano.com\/#website"},"breadcrumb":{"@id":"https:\/\/www.vaticano.com\/es\/category\/noticias\/eventi-es\/#breadcrumb"},"inLanguage":"es"},{"@type":"BreadcrumbList","@id":"https:\/\/www.vaticano.com\/es\/category\/noticias\/eventi-es\/#breadcrumb","itemListElement":[{"@type":"ListItem","position":1,"name":"Home","item":"https:\/\/www.vaticano.com\/es\/vaticano-com-religious-tourism-shrines-news\/"},{"@type":"ListItem","position":2,"name":"Noticias","item":"https:\/\/www.vaticano.com\/es\/category\/noticias\/"},{"@type":"ListItem","position":3,"name":"Eventos"}]},{"@type":"WebSite","@id":"https:\/\/www.vaticano.com\/#website","url":"https:\/\/www.vaticano.com\/","name":"Vaticano.com","description":"Turismo Religioso, Santuari, Notizie dal mondo cattolico","publisher":{"@id":"https:\/\/www.vaticano.com\/#organization"},"potentialAction":[{"@type":"SearchAction","target":{"@type":"EntryPoint","urlTemplate":"https:\/\/www.vaticano.com\/?s={search_term_string}"},"query-input":{"@type":"PropertyValueSpecification","valueRequired":true,"valueName":"search_term_string"}}],"inLanguage":"es"},{"@type":"Organization","@id":"https:\/\/www.vaticano.com\/#organization","name":"Vaticano.com","url":"https:\/\/www.vaticano.com\/","logo":{"@type":"ImageObject","inLanguage":"es","@id":"https:\/\/www.vaticano.com\/#\/schema\/logo\/image\/","url":"https:\/\/www.vaticano.com\/wp-content\/uploads\/2026\/05\/vaticano-1.png","contentUrl":"https:\/\/www.vaticano.com\/wp-content\/uploads\/2026\/05\/vaticano-1.png","width":600,"height":150,"caption":"Vaticano.com"},"image":{"@id":"https:\/\/www.vaticano.com\/#\/schema\/logo\/image\/"}}]}},"_links":{"self":[{"href":"https:\/\/www.vaticano.com\/es\/wp-json\/wp\/v2\/categories\/1196","targetHints":{"allow":["GET"]}}],"collection":[{"href":"https:\/\/www.vaticano.com\/es\/wp-json\/wp\/v2\/categories"}],"about":[{"href":"https:\/\/www.vaticano.com\/es\/wp-json\/wp\/v2\/taxonomies\/category"}],"up":[{"embeddable":true,"href":"https:\/\/www.vaticano.com\/es\/wp-json\/wp\/v2\/categories\/176"}],"wp:post_type":[{"href":"https:\/\/www.vaticano.com\/es\/wp-json\/wp\/v2\/posts?categories=1196"}],"curies":[{"name":"wp","href":"https:\/\/api.w.org\/{rel}","templated":true}]}}