{"id":4623,"count":4,"description":"Los caminos e itinerarios de fe son una invitaci\u00f3n a redescubrir la espiritualidad a trav\u00e9s del caminar, la naturaleza y la historia. En esta secci\u00f3n se recogen los principales itinerarios cristianos, desde las grandes rutas de peregrinaci\u00f3n como la V\u00eda Franc\u00edgena hasta los caminos franciscanos, pasando por senderos locales que atraviesan santuarios, ermitas, abad\u00edas y lugares de oraci\u00f3n. Mapas, etapas, alojamiento y puntos de inter\u00e9s art\u00edstico y espiritual gu\u00edan al peregrino a lo largo de rutas antiguas recorridas durante siglos por quienes buscaban silencio, contemplaci\u00f3n y un encuentro con lo divino. Una forma de vivir la fe en movimiento, paso a paso, dej\u00e1ndose acompa\u00f1ar por la belleza de los paisajes y la profundidad de la tradici\u00f3n cristiana.","link":"https:\/\/www.vaticano.com\/es\/category\/noticias\/rutas-e-itinerarios\/","name":"Rutas e itinerarios","slug":"rutas-e-itinerarios","taxonomy":"category","parent":176,"meta":[],"yoast_head":"<!-- This site is optimized with the Yoast SEO plugin v28.4 - https:\/\/yoast.com\/product\/yoast-seo-wordpress\/ -->\n<title>Rutas e itinerarios Archivi - Vaticano.com<\/title>\n<meta name=\"robots\" content=\"index, follow, max-snippet:-1, max-image-preview:large, max-video-preview:-1\" \/>\n<link rel=\"canonical\" href=\"https:\/\/www.vaticano.com\/es\/category\/noticias\/rutas-e-itinerarios\/\" \/>\n<meta property=\"og:locale\" content=\"es_ES\" \/>\n<meta property=\"og:type\" content=\"article\" \/>\n<meta property=\"og:title\" content=\"Rutas e itinerarios Archivi - Vaticano.com\" \/>\n<meta property=\"og:description\" content=\"Los caminos e itinerarios de fe son una invitaci\u00f3n a redescubrir la espiritualidad a trav\u00e9s del caminar, la naturaleza y la historia. En esta secci\u00f3n se recogen los principales itinerarios cristianos, desde las grandes rutas de peregrinaci\u00f3n como la V\u00eda Franc\u00edgena hasta los caminos franciscanos, pasando por senderos locales que atraviesan santuarios, ermitas, abad\u00edas y lugares de oraci\u00f3n. Mapas, etapas, alojamiento y puntos de inter\u00e9s art\u00edstico y espiritual gu\u00edan al peregrino a lo largo de rutas antiguas recorridas durante siglos por quienes buscaban silencio, contemplaci\u00f3n y un encuentro con lo divino. Una forma de vivir la fe en movimiento, paso a paso, dej\u00e1ndose acompa\u00f1ar por la belleza de los paisajes y la profundidad de la tradici\u00f3n cristiana.\" \/>\n<meta property=\"og:url\" content=\"https:\/\/www.vaticano.com\/es\/category\/noticias\/rutas-e-itinerarios\/\" \/>\n<meta property=\"og:site_name\" content=\"Vaticano.com\" \/>\n<meta property=\"og:image\" content=\"https:\/\/www.vaticano.com\/wp-content\/uploads\/2026\/05\/vaticano-1.png\" \/>\n\t<meta property=\"og:image:width\" content=\"600\" \/>\n\t<meta property=\"og:image:height\" content=\"150\" \/>\n\t<meta property=\"og:image:type\" content=\"image\/png\" \/>\n<meta name=\"twitter:card\" content=\"summary_large_image\" \/>\n<script type=\"application\/ld+json\" class=\"yoast-schema-graph\">{\"@context\":\"https:\\\/\\\/schema.org\",\"@graph\":[{\"@type\":\"CollectionPage\",\"@id\":\"https:\\\/\\\/www.vaticano.com\\\/es\\\/category\\\/noticias\\\/rutas-e-itinerarios\\\/\",\"url\":\"https:\\\/\\\/www.vaticano.com\\\/es\\\/category\\\/noticias\\\/rutas-e-itinerarios\\\/\",\"name\":\"Rutas e itinerarios Archivi - Vaticano.com\",\"isPartOf\":{\"@id\":\"https:\\\/\\\/www.vaticano.com\\\/#website\"},\"breadcrumb\":{\"@id\":\"https:\\\/\\\/www.vaticano.com\\\/es\\\/category\\\/noticias\\\/rutas-e-itinerarios\\\/#breadcrumb\"},\"inLanguage\":\"es\"},{\"@type\":\"BreadcrumbList\",\"@id\":\"https:\\\/\\\/www.vaticano.com\\\/es\\\/category\\\/noticias\\\/rutas-e-itinerarios\\\/#breadcrumb\",\"itemListElement\":[{\"@type\":\"ListItem\",\"position\":1,\"name\":\"Home\",\"item\":\"https:\\\/\\\/www.vaticano.com\\\/es\\\/vaticano-com-religious-tourism-shrines-news\\\/\"},{\"@type\":\"ListItem\",\"position\":2,\"name\":\"Noticias\",\"item\":\"https:\\\/\\\/www.vaticano.com\\\/es\\\/category\\\/noticias\\\/\"},{\"@type\":\"ListItem\",\"position\":3,\"name\":\"Rutas e itinerarios\"}]},{\"@type\":\"WebSite\",\"@id\":\"https:\\\/\\\/www.vaticano.com\\\/#website\",\"url\":\"https:\\\/\\\/www.vaticano.com\\\/\",\"name\":\"Vaticano.com\",\"description\":\"Turismo Religioso, Santuari, Notizie dal mondo cattolico\",\"publisher\":{\"@id\":\"https:\\\/\\\/www.vaticano.com\\\/#organization\"},\"potentialAction\":[{\"@type\":\"SearchAction\",\"target\":{\"@type\":\"EntryPoint\",\"urlTemplate\":\"https:\\\/\\\/www.vaticano.com\\\/?s={search_term_string}\"},\"query-input\":{\"@type\":\"PropertyValueSpecification\",\"valueRequired\":true,\"valueName\":\"search_term_string\"}}],\"inLanguage\":\"es\"},{\"@type\":\"Organization\",\"@id\":\"https:\\\/\\\/www.vaticano.com\\\/#organization\",\"name\":\"Vaticano.com\",\"url\":\"https:\\\/\\\/www.vaticano.com\\\/\",\"logo\":{\"@type\":\"ImageObject\",\"inLanguage\":\"es\",\"@id\":\"https:\\\/\\\/www.vaticano.com\\\/#\\\/schema\\\/logo\\\/image\\\/\",\"url\":\"https:\\\/\\\/www.vaticano.com\\\/wp-content\\\/uploads\\\/2026\\\/05\\\/vaticano-1.png\",\"contentUrl\":\"https:\\\/\\\/www.vaticano.com\\\/wp-content\\\/uploads\\\/2026\\\/05\\\/vaticano-1.png\",\"width\":600,\"height\":150,\"caption\":\"Vaticano.com\"},\"image\":{\"@id\":\"https:\\\/\\\/www.vaticano.com\\\/#\\\/schema\\\/logo\\\/image\\\/\"}}]}<\/script>\n<!-- \/ Yoast SEO plugin. -->","yoast_head_json":{"title":"Rutas e itinerarios Archivi - Vaticano.com","robots":{"index":"index","follow":"follow","max-snippet":"max-snippet:-1","max-image-preview":"max-image-preview:large","max-video-preview":"max-video-preview:-1"},"canonical":"https:\/\/www.vaticano.com\/es\/category\/noticias\/rutas-e-itinerarios\/","og_locale":"es_ES","og_type":"article","og_title":"Rutas e itinerarios Archivi - Vaticano.com","og_description":"Los caminos e itinerarios de fe son una invitaci\u00f3n a redescubrir la espiritualidad a trav\u00e9s del caminar, la naturaleza y la historia. En esta secci\u00f3n se recogen los principales itinerarios cristianos, desde las grandes rutas de peregrinaci\u00f3n como la V\u00eda Franc\u00edgena hasta los caminos franciscanos, pasando por senderos locales que atraviesan santuarios, ermitas, abad\u00edas y lugares de oraci\u00f3n. Mapas, etapas, alojamiento y puntos de inter\u00e9s art\u00edstico y espiritual gu\u00edan al peregrino a lo largo de rutas antiguas recorridas durante siglos por quienes buscaban silencio, contemplaci\u00f3n y un encuentro con lo divino. Una forma de vivir la fe en movimiento, paso a paso, dej\u00e1ndose acompa\u00f1ar por la belleza de los paisajes y la profundidad de la tradici\u00f3n cristiana.","og_url":"https:\/\/www.vaticano.com\/es\/category\/noticias\/rutas-e-itinerarios\/","og_site_name":"Vaticano.com","og_image":[{"width":600,"height":150,"url":"https:\/\/www.vaticano.com\/wp-content\/uploads\/2026\/05\/vaticano-1.png","type":"image\/png"}],"twitter_card":"summary_large_image","schema":{"@context":"https:\/\/schema.org","@graph":[{"@type":"CollectionPage","@id":"https:\/\/www.vaticano.com\/es\/category\/noticias\/rutas-e-itinerarios\/","url":"https:\/\/www.vaticano.com\/es\/category\/noticias\/rutas-e-itinerarios\/","name":"Rutas e itinerarios Archivi - Vaticano.com","isPartOf":{"@id":"https:\/\/www.vaticano.com\/#website"},"breadcrumb":{"@id":"https:\/\/www.vaticano.com\/es\/category\/noticias\/rutas-e-itinerarios\/#breadcrumb"},"inLanguage":"es"},{"@type":"BreadcrumbList","@id":"https:\/\/www.vaticano.com\/es\/category\/noticias\/rutas-e-itinerarios\/#breadcrumb","itemListElement":[{"@type":"ListItem","position":1,"name":"Home","item":"https:\/\/www.vaticano.com\/es\/vaticano-com-religious-tourism-shrines-news\/"},{"@type":"ListItem","position":2,"name":"Noticias","item":"https:\/\/www.vaticano.com\/es\/category\/noticias\/"},{"@type":"ListItem","position":3,"name":"Rutas e itinerarios"}]},{"@type":"WebSite","@id":"https:\/\/www.vaticano.com\/#website","url":"https:\/\/www.vaticano.com\/","name":"Vaticano.com","description":"Turismo Religioso, Santuari, Notizie dal mondo cattolico","publisher":{"@id":"https:\/\/www.vaticano.com\/#organization"},"potentialAction":[{"@type":"SearchAction","target":{"@type":"EntryPoint","urlTemplate":"https:\/\/www.vaticano.com\/?s={search_term_string}"},"query-input":{"@type":"PropertyValueSpecification","valueRequired":true,"valueName":"search_term_string"}}],"inLanguage":"es"},{"@type":"Organization","@id":"https:\/\/www.vaticano.com\/#organization","name":"Vaticano.com","url":"https:\/\/www.vaticano.com\/","logo":{"@type":"ImageObject","inLanguage":"es","@id":"https:\/\/www.vaticano.com\/#\/schema\/logo\/image\/","url":"https:\/\/www.vaticano.com\/wp-content\/uploads\/2026\/05\/vaticano-1.png","contentUrl":"https:\/\/www.vaticano.com\/wp-content\/uploads\/2026\/05\/vaticano-1.png","width":600,"height":150,"caption":"Vaticano.com"},"image":{"@id":"https:\/\/www.vaticano.com\/#\/schema\/logo\/image\/"}}]}},"_links":{"self":[{"href":"https:\/\/www.vaticano.com\/es\/wp-json\/wp\/v2\/categories\/4623","targetHints":{"allow":["GET"]}}],"collection":[{"href":"https:\/\/www.vaticano.com\/es\/wp-json\/wp\/v2\/categories"}],"about":[{"href":"https:\/\/www.vaticano.com\/es\/wp-json\/wp\/v2\/taxonomies\/category"}],"up":[{"embeddable":true,"href":"https:\/\/www.vaticano.com\/es\/wp-json\/wp\/v2\/categories\/176"}],"wp:post_type":[{"href":"https:\/\/www.vaticano.com\/es\/wp-json\/wp\/v2\/posts?categories=4623"}],"curies":[{"name":"wp","href":"https:\/\/api.w.org\/{rel}","templated":true}]}}