{"id":16121,"date":"2026-07-28T03:15:03","date_gmt":"2026-07-28T01:15:03","guid":{"rendered":"https:\/\/www.vaticano.com\/preghiera-dellanima-innamorata-lars-amatoria-mistica-di-san-giovanni-della-croce\/"},"modified":"2026-07-31T15:00:57","modified_gmt":"2026-07-31T13:00:57","slug":"oracion-del-alma-enamorada-el-ars-amatoria-mistica-de-san-juan-de-la-cruz","status":"publish","type":"post","link":"https:\/\/www.vaticano.com\/es\/oracion-del-alma-enamorada-el-ars-amatoria-mistica-de-san-juan-de-la-cruz\/","title":{"rendered":"Oraci\u00f3n del alma enamorada: El ars amatoria m\u00edstica de San Juan de la Cruz"},"content":{"rendered":"\n<h1>Oraci\u00f3n del alma enamorada &#8211; San Juan de la Cruz<\/h1><blockquote style=\"background: #FFFDF9;border-left: 4px solid #CF9D14;padding: 25px;margin: 25px 0;font-style: italic;font-size: 1.25rem;line-height: 1.8;color: #2d3748;border-radius: 0 8px 8px 0\">\u00a1Oh alma que te das bella entre todas las criaturas,<br>sabes d\u00f3nde est\u00e1 tu deleite<br>y d\u00f3nde est\u00e1 tu amor,<br>por qu\u00e9 no lo buscas<br>y no lo mueves de tu pecho?<br><br>Gozad y alegraos en vuestro esposo secreto,<br>puesto que lo ten\u00e9is tan cerca<br>que habita en vuestro pecho.<br>All\u00ed lo adorar\u00e9is con afecto<br>y all\u00ed lo disfrutar\u00e9is con deleite.<\/blockquote><p>La \u00abOraci\u00f3n del alma enamorada\u00bb es uno de los textos espirituales m\u00e1s intensos y luminosos que nos dej\u00f3 San Juan de la Cruz (Juan de Yepes \u00c1lvarez), cofundador de la Orden de los Carmelitas Descalzos junto a Santa Teresa de \u00c1vila y Doctor de la Iglesia. Escrita en el siglo XVI, en pleno Siglo de Oro espa\u00f1ol, esta oraci\u00f3n se inscribe en la gran tradici\u00f3n m\u00edstica cristiana, que utiliza el lenguaje y las met\u00e1foras del Cantar de los Cantares para describir la uni\u00f3n profunda entre el alma humana y el Creador, concebidos como Esposo y Esposa.<\/p><p>Desde el punto de vista hist\u00f3rico y biogr\u00e1fico, San Juan de la Cruz compuso estas l\u00edricas y sus respectivos comentarios teol\u00f3gicos durante sus a\u00f1os de extrema prueba, incluida la dram\u00e1tica detenci\u00f3n en la c\u00e1rcel conventual de Toledo, donde fue encerrado por sus propios hermanos a causa de las reformas de la Orden. A pesar de las privaciones corporales y la soledad, su interioridad floreci\u00f3 en una profunda libertad espiritual. La oraci\u00f3n refleja precisamente este n\u00facleo teol\u00f3gico: la interiorizaci\u00f3n de la presencia divina. Para el m\u00edstico espa\u00f1ol, Dios no es una entidad lejana a la que llegar mediante esfuerzos externos agotadores, sino que habita en lo m\u00e1s profundo del hombre, en el \u00abcentro del alma\u00bb.<\/p><p>Teol\u00f3gicamente, el texto es una invitaci\u00f3n vibrante a la conciencia y a la contemplaci\u00f3n. El interrogativo inicial (\u00ab\u00bfsabes d\u00f3nde est\u00e1 tu amado&#8230;?\u00bb) sacude al creyente de la aced\u00eda espiritual, record\u00e1ndole que la b\u00fasqueda de Dios coincide con el descubrimiento de Su presencia que mora dentro de nosotros. Curiosamente, San Juan utilizaba a menudo la poes\u00eda como veh\u00edculo para expresar aquello que la prosa teol\u00f3gica no lograba capturar plenamente: la inefabilidad de la experiencia m\u00edstica. Esta oraci\u00f3n sigue siendo hoy una gu\u00eda valiosa para cualquiera que desee cultivar la vida interior y el silencio contemplativo en el ruido del mundo moderno.<\/p>\n","protected":false},"excerpt":{"rendered":"<p>Un an\u00e1lisis teol\u00f3gico e hist\u00f3rico de la Oraci\u00f3n del alma enamorada de San Juan de la Cruz, que explora el tema de la presencia de Dios en lo profundo del ser humano a trav\u00e9s de la m\u00edstica nupcial.<\/p>\n","protected":false},"author":43,"featured_media":16061,"comment_status":"open","ping_status":"open","sticky":false,"template":"","format":"standard","meta":{"footnotes":""},"categories":[4819,4823],"tags":[],"class_list":["post-16121","post","type-post","status-publish","format-standard","has-post-thumbnail","hentry","category-oraciones","category-oraciones-de-los-grandes-santos-y-misticos"],"blocksy_meta":[],"yoast_head":"<!-- This site is optimized with the Yoast SEO plugin v28.4 - https:\/\/yoast.com\/product\/yoast-seo-wordpress\/ -->\n<title>Oraci\u00f3n del alma enamorada: El ars amatoria m\u00edstica de San Juan de la Cruz - Vaticano.com<\/title>\n<meta name=\"robots\" content=\"index, follow, max-snippet:-1, max-image-preview:large, max-video-preview:-1\" \/>\n<link rel=\"canonical\" href=\"https:\/\/www.vaticano.com\/es\/oracion-del-alma-enamorada-el-ars-amatoria-mistica-de-san-juan-de-la-cruz\/\" \/>\n<meta property=\"og:locale\" content=\"es_ES\" \/>\n<meta property=\"og:type\" content=\"article\" \/>\n<meta property=\"og:title\" content=\"Oraci\u00f3n del alma enamorada: El ars amatoria m\u00edstica de San Juan de la Cruz - Vaticano.com\" \/>\n<meta property=\"og:description\" content=\"Un an\u00e1lisis teol\u00f3gico e hist\u00f3rico de la Oraci\u00f3n del alma enamorada de San Juan de la Cruz, que explora el tema de la presencia de Dios en lo profundo del ser humano a trav\u00e9s de la m\u00edstica nupcial.\" \/>\n<meta property=\"og:url\" content=\"https:\/\/www.vaticano.com\/es\/oracion-del-alma-enamorada-el-ars-amatoria-mistica-de-san-juan-de-la-cruz\/\" \/>\n<meta property=\"og:site_name\" content=\"Vaticano.com\" \/>\n<meta property=\"article:published_time\" content=\"2026-07-28T01:15:03+00:00\" \/>\n<meta property=\"article:modified_time\" content=\"2026-07-31T13:00:57+00:00\" \/>\n<meta property=\"og:image\" content=\"https:\/\/www.vaticano.com\/wp-content\/uploads\/2026\/07\/preghiera_94_1785159321.jpg\" \/>\n\t<meta property=\"og:image:width\" content=\"1500\" \/>\n\t<meta property=\"og:image:height\" content=\"1500\" \/>\n\t<meta property=\"og:image:type\" content=\"image\/jpeg\" \/>\n<meta name=\"author\" content=\"Padre Bernardo\" \/>\n<meta name=\"twitter:card\" content=\"summary_large_image\" \/>\n<meta name=\"twitter:label1\" content=\"Escrito por\" \/>\n\t<meta name=\"twitter:data1\" content=\"Padre Bernardo\" \/>\n\t<meta name=\"twitter:label2\" content=\"Tiempo de lectura\" \/>\n\t<meta name=\"twitter:data2\" content=\"2 minutos\" \/>\n<script type=\"application\/ld+json\" class=\"yoast-schema-graph\">{\"@context\":\"https:\\\/\\\/schema.org\",\"@graph\":[{\"@type\":\"Article\",\"@id\":\"https:\\\/\\\/www.vaticano.com\\\/es\\\/oracion-del-alma-enamorada-el-ars-amatoria-mistica-de-san-juan-de-la-cruz\\\/#article\",\"isPartOf\":{\"@id\":\"https:\\\/\\\/www.vaticano.com\\\/es\\\/oracion-del-alma-enamorada-el-ars-amatoria-mistica-de-san-juan-de-la-cruz\\\/\"},\"author\":{\"name\":\"Padre Bernardo\",\"@id\":\"https:\\\/\\\/www.vaticano.com\\\/#\\\/schema\\\/person\\\/5e19ba52fdb505adeb6b55fe216cce3b\"},\"headline\":\"Oraci\u00f3n del alma enamorada: El ars amatoria m\u00edstica de San Juan de la Cruz\",\"datePublished\":\"2026-07-28T01:15:03+00:00\",\"dateModified\":\"2026-07-31T13:00:57+00:00\",\"mainEntityOfPage\":{\"@id\":\"https:\\\/\\\/www.vaticano.com\\\/es\\\/oracion-del-alma-enamorada-el-ars-amatoria-mistica-de-san-juan-de-la-cruz\\\/\"},\"wordCount\":435,\"commentCount\":0,\"publisher\":{\"@id\":\"https:\\\/\\\/www.vaticano.com\\\/#organization\"},\"image\":{\"@id\":\"https:\\\/\\\/www.vaticano.com\\\/es\\\/oracion-del-alma-enamorada-el-ars-amatoria-mistica-de-san-juan-de-la-cruz\\\/#primaryimage\"},\"thumbnailUrl\":\"https:\\\/\\\/www.vaticano.com\\\/wp-content\\\/uploads\\\/2026\\\/07\\\/preghiera_94_1785159321.jpg\",\"articleSection\":[\"Oraciones\",\"Oraciones de los Grandes Santos y M\u00edsticos\"],\"inLanguage\":\"es\",\"potentialAction\":[{\"@type\":\"CommentAction\",\"name\":\"Comment\",\"target\":[\"https:\\\/\\\/www.vaticano.com\\\/es\\\/oracion-del-alma-enamorada-el-ars-amatoria-mistica-de-san-juan-de-la-cruz\\\/#respond\"]}]},{\"@type\":\"WebPage\",\"@id\":\"https:\\\/\\\/www.vaticano.com\\\/es\\\/oracion-del-alma-enamorada-el-ars-amatoria-mistica-de-san-juan-de-la-cruz\\\/\",\"url\":\"https:\\\/\\\/www.vaticano.com\\\/es\\\/oracion-del-alma-enamorada-el-ars-amatoria-mistica-de-san-juan-de-la-cruz\\\/\",\"name\":\"Oraci\u00f3n del alma enamorada: El ars amatoria m\u00edstica de San Juan de la Cruz - Vaticano.com\",\"isPartOf\":{\"@id\":\"https:\\\/\\\/www.vaticano.com\\\/#website\"},\"primaryImageOfPage\":{\"@id\":\"https:\\\/\\\/www.vaticano.com\\\/es\\\/oracion-del-alma-enamorada-el-ars-amatoria-mistica-de-san-juan-de-la-cruz\\\/#primaryimage\"},\"image\":{\"@id\":\"https:\\\/\\\/www.vaticano.com\\\/es\\\/oracion-del-alma-enamorada-el-ars-amatoria-mistica-de-san-juan-de-la-cruz\\\/#primaryimage\"},\"thumbnailUrl\":\"https:\\\/\\\/www.vaticano.com\\\/wp-content\\\/uploads\\\/2026\\\/07\\\/preghiera_94_1785159321.jpg\",\"datePublished\":\"2026-07-28T01:15:03+00:00\",\"dateModified\":\"2026-07-31T13:00:57+00:00\",\"breadcrumb\":{\"@id\":\"https:\\\/\\\/www.vaticano.com\\\/es\\\/oracion-del-alma-enamorada-el-ars-amatoria-mistica-de-san-juan-de-la-cruz\\\/#breadcrumb\"},\"inLanguage\":\"es\",\"potentialAction\":[{\"@type\":\"ReadAction\",\"target\":[\"https:\\\/\\\/www.vaticano.com\\\/es\\\/oracion-del-alma-enamorada-el-ars-amatoria-mistica-de-san-juan-de-la-cruz\\\/\"]}]},{\"@type\":\"ImageObject\",\"inLanguage\":\"es\",\"@id\":\"https:\\\/\\\/www.vaticano.com\\\/es\\\/oracion-del-alma-enamorada-el-ars-amatoria-mistica-de-san-juan-de-la-cruz\\\/#primaryimage\",\"url\":\"https:\\\/\\\/www.vaticano.com\\\/wp-content\\\/uploads\\\/2026\\\/07\\\/preghiera_94_1785159321.jpg\",\"contentUrl\":\"https:\\\/\\\/www.vaticano.com\\\/wp-content\\\/uploads\\\/2026\\\/07\\\/preghiera_94_1785159321.jpg\",\"width\":1500,\"height\":1500},{\"@type\":\"BreadcrumbList\",\"@id\":\"https:\\\/\\\/www.vaticano.com\\\/es\\\/oracion-del-alma-enamorada-el-ars-amatoria-mistica-de-san-juan-de-la-cruz\\\/#breadcrumb\",\"itemListElement\":[{\"@type\":\"ListItem\",\"position\":1,\"name\":\"Home\",\"item\":\"https:\\\/\\\/www.vaticano.com\\\/es\\\/vaticano-com-religious-tourism-shrines-news\\\/\"},{\"@type\":\"ListItem\",\"position\":2,\"name\":\"Oraci\u00f3n del alma enamorada: El ars amatoria m\u00edstica de San Juan de la Cruz\"}]},{\"@type\":\"WebSite\",\"@id\":\"https:\\\/\\\/www.vaticano.com\\\/#website\",\"url\":\"https:\\\/\\\/www.vaticano.com\\\/\",\"name\":\"Vaticano.com\",\"description\":\"Turismo Religioso, Santuari, Notizie dal mondo cattolico\",\"publisher\":{\"@id\":\"https:\\\/\\\/www.vaticano.com\\\/#organization\"},\"potentialAction\":[{\"@type\":\"SearchAction\",\"target\":{\"@type\":\"EntryPoint\",\"urlTemplate\":\"https:\\\/\\\/www.vaticano.com\\\/?s={search_term_string}\"},\"query-input\":{\"@type\":\"PropertyValueSpecification\",\"valueRequired\":true,\"valueName\":\"search_term_string\"}}],\"inLanguage\":\"es\"},{\"@type\":\"Organization\",\"@id\":\"https:\\\/\\\/www.vaticano.com\\\/#organization\",\"name\":\"Vaticano.com\",\"url\":\"https:\\\/\\\/www.vaticano.com\\\/\",\"logo\":{\"@type\":\"ImageObject\",\"inLanguage\":\"es\",\"@id\":\"https:\\\/\\\/www.vaticano.com\\\/#\\\/schema\\\/logo\\\/image\\\/\",\"url\":\"https:\\\/\\\/www.vaticano.com\\\/wp-content\\\/uploads\\\/2026\\\/05\\\/vaticano-1.png\",\"contentUrl\":\"https:\\\/\\\/www.vaticano.com\\\/wp-content\\\/uploads\\\/2026\\\/05\\\/vaticano-1.png\",\"width\":600,\"height\":150,\"caption\":\"Vaticano.com\"},\"image\":{\"@id\":\"https:\\\/\\\/www.vaticano.com\\\/#\\\/schema\\\/logo\\\/image\\\/\"}},{\"@type\":\"Person\",\"@id\":\"https:\\\/\\\/www.vaticano.com\\\/#\\\/schema\\\/person\\\/5e19ba52fdb505adeb6b55fe216cce3b\",\"name\":\"Padre Bernardo\",\"description\":\"Frate Minore Francescano, teologo e custode della tradizione liturgica. Dedica la sua vita alla preghiera contemplativa e allo studio delle vite dei Santi. Attraverso le sue riflessioni, guida i fedeli alla riscoperta delle radici pi\u00f9 profonde della devozione cattolica e delle grandi suppliche della tradizione ecclesiale, unendo l'umilt\u00e0 francescana al rigore dottrinale.\",\"url\":\"https:\\\/\\\/www.vaticano.com\\\/es\\\/author\\\/padrebernardo\\\/\"}]}<\/script>\n<!-- \/ Yoast SEO plugin. -->","yoast_head_json":{"title":"Oraci\u00f3n del alma enamorada: El ars amatoria m\u00edstica de San Juan de la Cruz - Vaticano.com","robots":{"index":"index","follow":"follow","max-snippet":"max-snippet:-1","max-image-preview":"max-image-preview:large","max-video-preview":"max-video-preview:-1"},"canonical":"https:\/\/www.vaticano.com\/es\/oracion-del-alma-enamorada-el-ars-amatoria-mistica-de-san-juan-de-la-cruz\/","og_locale":"es_ES","og_type":"article","og_title":"Oraci\u00f3n del alma enamorada: El ars amatoria m\u00edstica de San Juan de la Cruz - Vaticano.com","og_description":"Un an\u00e1lisis teol\u00f3gico e hist\u00f3rico de la Oraci\u00f3n del alma enamorada de San Juan de la Cruz, que explora el tema de la presencia de Dios en lo profundo del ser humano a trav\u00e9s de la m\u00edstica nupcial.","og_url":"https:\/\/www.vaticano.com\/es\/oracion-del-alma-enamorada-el-ars-amatoria-mistica-de-san-juan-de-la-cruz\/","og_site_name":"Vaticano.com","article_published_time":"2026-07-28T01:15:03+00:00","article_modified_time":"2026-07-31T13:00:57+00:00","og_image":[{"width":1500,"height":1500,"url":"https:\/\/www.vaticano.com\/wp-content\/uploads\/2026\/07\/preghiera_94_1785159321.jpg","type":"image\/jpeg"}],"author":"Padre Bernardo","twitter_card":"summary_large_image","twitter_misc":{"Escrito por":"Padre Bernardo","Tiempo de lectura":"2 minutos"},"schema":{"@context":"https:\/\/schema.org","@graph":[{"@type":"Article","@id":"https:\/\/www.vaticano.com\/es\/oracion-del-alma-enamorada-el-ars-amatoria-mistica-de-san-juan-de-la-cruz\/#article","isPartOf":{"@id":"https:\/\/www.vaticano.com\/es\/oracion-del-alma-enamorada-el-ars-amatoria-mistica-de-san-juan-de-la-cruz\/"},"author":{"name":"Padre Bernardo","@id":"https:\/\/www.vaticano.com\/#\/schema\/person\/5e19ba52fdb505adeb6b55fe216cce3b"},"headline":"Oraci\u00f3n del alma enamorada: El ars amatoria m\u00edstica de San Juan de la Cruz","datePublished":"2026-07-28T01:15:03+00:00","dateModified":"2026-07-31T13:00:57+00:00","mainEntityOfPage":{"@id":"https:\/\/www.vaticano.com\/es\/oracion-del-alma-enamorada-el-ars-amatoria-mistica-de-san-juan-de-la-cruz\/"},"wordCount":435,"commentCount":0,"publisher":{"@id":"https:\/\/www.vaticano.com\/#organization"},"image":{"@id":"https:\/\/www.vaticano.com\/es\/oracion-del-alma-enamorada-el-ars-amatoria-mistica-de-san-juan-de-la-cruz\/#primaryimage"},"thumbnailUrl":"https:\/\/www.vaticano.com\/wp-content\/uploads\/2026\/07\/preghiera_94_1785159321.jpg","articleSection":["Oraciones","Oraciones de los Grandes Santos y M\u00edsticos"],"inLanguage":"es","potentialAction":[{"@type":"CommentAction","name":"Comment","target":["https:\/\/www.vaticano.com\/es\/oracion-del-alma-enamorada-el-ars-amatoria-mistica-de-san-juan-de-la-cruz\/#respond"]}]},{"@type":"WebPage","@id":"https:\/\/www.vaticano.com\/es\/oracion-del-alma-enamorada-el-ars-amatoria-mistica-de-san-juan-de-la-cruz\/","url":"https:\/\/www.vaticano.com\/es\/oracion-del-alma-enamorada-el-ars-amatoria-mistica-de-san-juan-de-la-cruz\/","name":"Oraci\u00f3n del alma enamorada: El ars amatoria m\u00edstica de San Juan de la Cruz - Vaticano.com","isPartOf":{"@id":"https:\/\/www.vaticano.com\/#website"},"primaryImageOfPage":{"@id":"https:\/\/www.vaticano.com\/es\/oracion-del-alma-enamorada-el-ars-amatoria-mistica-de-san-juan-de-la-cruz\/#primaryimage"},"image":{"@id":"https:\/\/www.vaticano.com\/es\/oracion-del-alma-enamorada-el-ars-amatoria-mistica-de-san-juan-de-la-cruz\/#primaryimage"},"thumbnailUrl":"https:\/\/www.vaticano.com\/wp-content\/uploads\/2026\/07\/preghiera_94_1785159321.jpg","datePublished":"2026-07-28T01:15:03+00:00","dateModified":"2026-07-31T13:00:57+00:00","breadcrumb":{"@id":"https:\/\/www.vaticano.com\/es\/oracion-del-alma-enamorada-el-ars-amatoria-mistica-de-san-juan-de-la-cruz\/#breadcrumb"},"inLanguage":"es","potentialAction":[{"@type":"ReadAction","target":["https:\/\/www.vaticano.com\/es\/oracion-del-alma-enamorada-el-ars-amatoria-mistica-de-san-juan-de-la-cruz\/"]}]},{"@type":"ImageObject","inLanguage":"es","@id":"https:\/\/www.vaticano.com\/es\/oracion-del-alma-enamorada-el-ars-amatoria-mistica-de-san-juan-de-la-cruz\/#primaryimage","url":"https:\/\/www.vaticano.com\/wp-content\/uploads\/2026\/07\/preghiera_94_1785159321.jpg","contentUrl":"https:\/\/www.vaticano.com\/wp-content\/uploads\/2026\/07\/preghiera_94_1785159321.jpg","width":1500,"height":1500},{"@type":"BreadcrumbList","@id":"https:\/\/www.vaticano.com\/es\/oracion-del-alma-enamorada-el-ars-amatoria-mistica-de-san-juan-de-la-cruz\/#breadcrumb","itemListElement":[{"@type":"ListItem","position":1,"name":"Home","item":"https:\/\/www.vaticano.com\/es\/vaticano-com-religious-tourism-shrines-news\/"},{"@type":"ListItem","position":2,"name":"Oraci\u00f3n del alma enamorada: El ars amatoria m\u00edstica de San Juan de la Cruz"}]},{"@type":"WebSite","@id":"https:\/\/www.vaticano.com\/#website","url":"https:\/\/www.vaticano.com\/","name":"Vaticano.com","description":"Turismo Religioso, Santuari, Notizie dal mondo cattolico","publisher":{"@id":"https:\/\/www.vaticano.com\/#organization"},"potentialAction":[{"@type":"SearchAction","target":{"@type":"EntryPoint","urlTemplate":"https:\/\/www.vaticano.com\/?s={search_term_string}"},"query-input":{"@type":"PropertyValueSpecification","valueRequired":true,"valueName":"search_term_string"}}],"inLanguage":"es"},{"@type":"Organization","@id":"https:\/\/www.vaticano.com\/#organization","name":"Vaticano.com","url":"https:\/\/www.vaticano.com\/","logo":{"@type":"ImageObject","inLanguage":"es","@id":"https:\/\/www.vaticano.com\/#\/schema\/logo\/image\/","url":"https:\/\/www.vaticano.com\/wp-content\/uploads\/2026\/05\/vaticano-1.png","contentUrl":"https:\/\/www.vaticano.com\/wp-content\/uploads\/2026\/05\/vaticano-1.png","width":600,"height":150,"caption":"Vaticano.com"},"image":{"@id":"https:\/\/www.vaticano.com\/#\/schema\/logo\/image\/"}},{"@type":"Person","@id":"https:\/\/www.vaticano.com\/#\/schema\/person\/5e19ba52fdb505adeb6b55fe216cce3b","name":"Padre Bernardo","description":"Frate Minore Francescano, teologo e custode della tradizione liturgica. Dedica la sua vita alla preghiera contemplativa e allo studio delle vite dei Santi. Attraverso le sue riflessioni, guida i fedeli alla riscoperta delle radici pi\u00f9 profonde della devozione cattolica e delle grandi suppliche della tradizione ecclesiale, unendo l'umilt\u00e0 francescana al rigore dottrinale.","url":"https:\/\/www.vaticano.com\/es\/author\/padrebernardo\/"}]}},"_links":{"self":[{"href":"https:\/\/www.vaticano.com\/es\/wp-json\/wp\/v2\/posts\/16121","targetHints":{"allow":["GET"]}}],"collection":[{"href":"https:\/\/www.vaticano.com\/es\/wp-json\/wp\/v2\/posts"}],"about":[{"href":"https:\/\/www.vaticano.com\/es\/wp-json\/wp\/v2\/types\/post"}],"author":[{"embeddable":true,"href":"https:\/\/www.vaticano.com\/es\/wp-json\/wp\/v2\/users\/43"}],"replies":[{"embeddable":true,"href":"https:\/\/www.vaticano.com\/es\/wp-json\/wp\/v2\/comments?post=16121"}],"version-history":[{"count":0,"href":"https:\/\/www.vaticano.com\/es\/wp-json\/wp\/v2\/posts\/16121\/revisions"}],"wp:featuredmedia":[{"embeddable":true,"href":"https:\/\/www.vaticano.com\/es\/wp-json\/wp\/v2\/media\/16061"}],"wp:attachment":[{"href":"https:\/\/www.vaticano.com\/es\/wp-json\/wp\/v2\/media?parent=16121"}],"wp:term":[{"taxonomy":"category","embeddable":true,"href":"https:\/\/www.vaticano.com\/es\/wp-json\/wp\/v2\/categories?post=16121"},{"taxonomy":"post_tag","embeddable":true,"href":"https:\/\/www.vaticano.com\/es\/wp-json\/wp\/v2\/tags?post=16121"}],"curies":[{"name":"wp","href":"https:\/\/api.w.org\/{rel}","templated":true}]}}