{"id":16378,"date":"2026-08-27T03:15:02","date_gmt":"2026-08-27T01:15:02","guid":{"rendered":"https:\/\/www.vaticano.com\/preghiera-a-santa-chiara-dassisi-per-la-pace-in-famiglia-unione-e-riconciliazione-domestica\/"},"modified":"2026-08-28T12:40:15","modified_gmt":"2026-08-28T10:40:15","slug":"oracion-a-santa-clara-de-asis-para-la-paz-en-la-familia-union-y-reconciliacion-domestica","status":"publish","type":"post","link":"https:\/\/www.vaticano.com\/es\/oracion-a-santa-clara-de-asis-para-la-paz-en-la-familia-union-y-reconciliacion-domestica\/","title":{"rendered":"Oraci\u00f3n a Santa Clara de As\u00eds para la paz en la familia: Uni\u00f3n y reconciliaci\u00f3n dom\u00e9stica"},"content":{"rendered":"\n<h1>Oraci\u00f3n a Santa Clara de As\u00eds por la paz en la familia<\/h1><blockquote style=\"background: #FFFDF9;border-left: 4px solid #CF9D14;padding: 25px;margin: 25px 0;font-style: italic;font-size: 1.25rem;line-height: 1.8;color: #2d3748;border-radius: 0 8px 8px 0\">Oh gloriosa Santa Clara, madre y gu\u00eda de tantas almas que han buscado a Dios,<br>vuelve tu mirada benigna hacia nosotros y hacia nuestra familia.<br>T\u00fa que viviste en el amor profundo y en la concordia,<br>obt\u00e9n para nosotros del Se\u00f1or el don inestimable de la paz dom\u00e9stica.<br><br>Disipa toda incomprensi\u00f3n, apaga todo resentimiento y sana las heridas del orgullo y del dolor.<br>Ens\u00e9\u00f1anos a cada uno de nosotros a perdonar como hemos sido perdonados,<br>a comprender antes de ser comprendidos,<br>y a amar con la caridad misma de Cristo.<br><br>Custodia nuestra casa de toda divisi\u00f3n,<br>para que, unidos en el amor y en la fe,<br>podamos ser un reflejo luminoso de la Sagrada Familia de Nazaret.<br>Santa Clara, ruega por nosotros y protege a nuestra familia ahora y siempre.<br>Am\u00e9n.<\/blockquote><p>La figura de Santa Clara de As\u00eds est\u00e1 universalmente asociada a la luz, a la pobreza evang\u00e9lica y al seguimiento radical de Cristo tras las huellas de San Francisco. Sin embargo, la tradici\u00f3n devocional de los siglos posteriores ha extendido su poderosa intercesi\u00f3n tambi\u00e9n a las din\u00e1micas de la vida cotidiana y familiar. Aunque Clara eligi\u00f3 dejar su hogar noble y acomodado para encerrarse en el claustro de San Dami\u00e1n, su profunda comprensi\u00f3n de la comuni\u00f3n fraterna la convirti\u00f3 en un punto de referencia espiritual para invocar la paz dom\u00e9stica. Dentro de la comunidad de las Pobres Damas (las Clarisas), ella ejerci\u00f3 una maternidad espiritual hecha de escucha, mansedumbre y reconciliaci\u00f3n constante, elementos que hoy los fieles invocan cuando pronuncian su nombre para sanar las fracturas familiares.<\/p><p>Desde el punto de vista teol\u00f3gico, la s\u00faplica a Santa Clara por la familia hunde sus ra\u00edces en el concepto franciscano de fraternidad universal y de paz como don mesi\u00e1nico. La petici\u00f3n de &#8216;comprender antes de ser comprendidos&#8217; resuena claramente en la c\u00e9lebre oraci\u00f3n simple atribuida a la familia franciscana, elevando las relaciones humanas por encima del ego\u00edsmo y del orgullo personal. En una \u00e9poca en la que el n\u00facleo familiar a menudo est\u00e1 sometido a fuertes presiones sociales y emocionales, esta devoci\u00f3n ofrece una clave de lectura espiritual para afrontar los conflictos cotidianos, transformando el hogar en una &#8216;peque\u00f1a Iglesia dom\u00e9stica&#8217; donde reinan el perd\u00f3n mutuo y la caridad de Cristo.<\/p><p>Una curiosidad fascinante vinculada a Santa Clara es su t\u00edtulo de patrona de la televisi\u00f3n y las telecomunicaciones, proclamado por el Papa P\u00edo XII en 1958. Este reconocimiento naci\u00f3 de un episodio milagroso en el que la santa, gravemente enferma e imposibilitada para participar en la Misa de Navidad, pudo &#8216;ver y o\u00edr&#8217; proyectada sobre la pared de su celda la funci\u00f3n religiosa que se celebraba en la Bas\u00edlica de San Francisco. Extendiendo este carisma de visi\u00f3n y conexi\u00f3n espiritual, los devotos gustan de pensar que su intercesi\u00f3n puede llegar incluso a los corazones m\u00e1s lejanos y aislados dentro de los muros dom\u00e9sticos, derribando los muros de la incomprensi\u00f3n tal como un rayo de luz atraviesa las tinieblas.<\/p>\n","protected":false},"excerpt":{"rendered":"<p>Un art\u00edculo de profundizaci\u00f3n teol\u00f3gica y period\u00edstica sobre la oraci\u00f3n a Santa Clara de As\u00eds para invocar la paz, la reconciliaci\u00f3n y la concordia dentro de la familia.<\/p>\n","protected":false},"author":43,"featured_media":16366,"comment_status":"open","ping_status":"open","sticky":false,"template":"","format":"standard","meta":{"footnotes":""},"categories":[5008,4819],"tags":[],"class_list":["post-16378","post","type-post","status-publish","format-standard","has-post-thumbnail","hentry","category-devociones-suplicas-y-grandes-peticiones-de-intercesion","category-oraciones"],"blocksy_meta":[],"yoast_head":"<!-- This site is optimized with the Yoast SEO plugin v28.4 - https:\/\/yoast.com\/product\/yoast-seo-wordpress\/ -->\n<title>Oraci\u00f3n a Santa Clara de As\u00eds para la paz en la familia: Uni\u00f3n y reconciliaci\u00f3n dom\u00e9stica - Vaticano.com<\/title>\n<meta name=\"robots\" content=\"index, follow, max-snippet:-1, max-image-preview:large, max-video-preview:-1\" \/>\n<link rel=\"canonical\" href=\"https:\/\/www.vaticano.com\/es\/oracion-a-santa-clara-de-asis-para-la-paz-en-la-familia-union-y-reconciliacion-domestica\/\" \/>\n<meta property=\"og:locale\" content=\"es_ES\" \/>\n<meta property=\"og:type\" content=\"article\" \/>\n<meta property=\"og:title\" content=\"Oraci\u00f3n a Santa Clara de As\u00eds para la paz en la familia: Uni\u00f3n y reconciliaci\u00f3n dom\u00e9stica - Vaticano.com\" \/>\n<meta property=\"og:description\" content=\"Un art\u00edculo de profundizaci\u00f3n teol\u00f3gica y period\u00edstica sobre la oraci\u00f3n a Santa Clara de As\u00eds para invocar la paz, la reconciliaci\u00f3n y la concordia dentro de la familia.\" \/>\n<meta property=\"og:url\" content=\"https:\/\/www.vaticano.com\/es\/oracion-a-santa-clara-de-asis-para-la-paz-en-la-familia-union-y-reconciliacion-domestica\/\" \/>\n<meta property=\"og:site_name\" content=\"Vaticano.com\" \/>\n<meta property=\"article:published_time\" content=\"2026-08-27T01:15:02+00:00\" \/>\n<meta property=\"article:modified_time\" content=\"2026-08-28T10:40:15+00:00\" \/>\n<meta property=\"og:image\" content=\"https:\/\/www.vaticano.com\/wp-content\/uploads\/2026\/08\/preghiera_145_1787751306.jpg\" \/>\n\t<meta property=\"og:image:width\" content=\"1500\" \/>\n\t<meta property=\"og:image:height\" content=\"1500\" \/>\n\t<meta property=\"og:image:type\" content=\"image\/jpeg\" \/>\n<meta name=\"author\" content=\"Padre Bernardo\" \/>\n<meta name=\"twitter:card\" content=\"summary_large_image\" \/>\n<meta name=\"twitter:label1\" content=\"Escrito por\" \/>\n\t<meta name=\"twitter:data1\" content=\"Padre Bernardo\" \/>\n\t<meta name=\"twitter:label2\" content=\"Tiempo de lectura\" \/>\n\t<meta name=\"twitter:data2\" content=\"3 minutos\" \/>\n<script type=\"application\/ld+json\" class=\"yoast-schema-graph\">{\"@context\":\"https:\\\/\\\/schema.org\",\"@graph\":[{\"@type\":\"Article\",\"@id\":\"https:\\\/\\\/www.vaticano.com\\\/es\\\/oracion-a-santa-clara-de-asis-para-la-paz-en-la-familia-union-y-reconciliacion-domestica\\\/#article\",\"isPartOf\":{\"@id\":\"https:\\\/\\\/www.vaticano.com\\\/es\\\/oracion-a-santa-clara-de-asis-para-la-paz-en-la-familia-union-y-reconciliacion-domestica\\\/\"},\"author\":{\"name\":\"Padre Bernardo\",\"@id\":\"https:\\\/\\\/www.vaticano.com\\\/#\\\/schema\\\/person\\\/5e19ba52fdb505adeb6b55fe216cce3b\"},\"headline\":\"Oraci\u00f3n a Santa Clara de As\u00eds para la paz en la familia: Uni\u00f3n y reconciliaci\u00f3n dom\u00e9stica\",\"datePublished\":\"2026-08-27T01:15:02+00:00\",\"dateModified\":\"2026-08-28T10:40:15+00:00\",\"mainEntityOfPage\":{\"@id\":\"https:\\\/\\\/www.vaticano.com\\\/es\\\/oracion-a-santa-clara-de-asis-para-la-paz-en-la-familia-union-y-reconciliacion-domestica\\\/\"},\"wordCount\":566,\"commentCount\":0,\"publisher\":{\"@id\":\"https:\\\/\\\/www.vaticano.com\\\/#organization\"},\"image\":{\"@id\":\"https:\\\/\\\/www.vaticano.com\\\/es\\\/oracion-a-santa-clara-de-asis-para-la-paz-en-la-familia-union-y-reconciliacion-domestica\\\/#primaryimage\"},\"thumbnailUrl\":\"https:\\\/\\\/www.vaticano.com\\\/wp-content\\\/uploads\\\/2026\\\/08\\\/preghiera_145_1787751306.jpg\",\"articleSection\":[\"Devociones, S\u00faplicas y Grandes Peticiones de Intercesi\u00f3n\",\"Oraciones\"],\"inLanguage\":\"es\",\"potentialAction\":[{\"@type\":\"CommentAction\",\"name\":\"Comment\",\"target\":[\"https:\\\/\\\/www.vaticano.com\\\/es\\\/oracion-a-santa-clara-de-asis-para-la-paz-en-la-familia-union-y-reconciliacion-domestica\\\/#respond\"]}]},{\"@type\":\"WebPage\",\"@id\":\"https:\\\/\\\/www.vaticano.com\\\/es\\\/oracion-a-santa-clara-de-asis-para-la-paz-en-la-familia-union-y-reconciliacion-domestica\\\/\",\"url\":\"https:\\\/\\\/www.vaticano.com\\\/es\\\/oracion-a-santa-clara-de-asis-para-la-paz-en-la-familia-union-y-reconciliacion-domestica\\\/\",\"name\":\"Oraci\u00f3n a Santa Clara de As\u00eds para la paz en la familia: Uni\u00f3n y reconciliaci\u00f3n dom\u00e9stica - Vaticano.com\",\"isPartOf\":{\"@id\":\"https:\\\/\\\/www.vaticano.com\\\/#website\"},\"primaryImageOfPage\":{\"@id\":\"https:\\\/\\\/www.vaticano.com\\\/es\\\/oracion-a-santa-clara-de-asis-para-la-paz-en-la-familia-union-y-reconciliacion-domestica\\\/#primaryimage\"},\"image\":{\"@id\":\"https:\\\/\\\/www.vaticano.com\\\/es\\\/oracion-a-santa-clara-de-asis-para-la-paz-en-la-familia-union-y-reconciliacion-domestica\\\/#primaryimage\"},\"thumbnailUrl\":\"https:\\\/\\\/www.vaticano.com\\\/wp-content\\\/uploads\\\/2026\\\/08\\\/preghiera_145_1787751306.jpg\",\"datePublished\":\"2026-08-27T01:15:02+00:00\",\"dateModified\":\"2026-08-28T10:40:15+00:00\",\"breadcrumb\":{\"@id\":\"https:\\\/\\\/www.vaticano.com\\\/es\\\/oracion-a-santa-clara-de-asis-para-la-paz-en-la-familia-union-y-reconciliacion-domestica\\\/#breadcrumb\"},\"inLanguage\":\"es\",\"potentialAction\":[{\"@type\":\"ReadAction\",\"target\":[\"https:\\\/\\\/www.vaticano.com\\\/es\\\/oracion-a-santa-clara-de-asis-para-la-paz-en-la-familia-union-y-reconciliacion-domestica\\\/\"]}]},{\"@type\":\"ImageObject\",\"inLanguage\":\"es\",\"@id\":\"https:\\\/\\\/www.vaticano.com\\\/es\\\/oracion-a-santa-clara-de-asis-para-la-paz-en-la-familia-union-y-reconciliacion-domestica\\\/#primaryimage\",\"url\":\"https:\\\/\\\/www.vaticano.com\\\/wp-content\\\/uploads\\\/2026\\\/08\\\/preghiera_145_1787751306.jpg\",\"contentUrl\":\"https:\\\/\\\/www.vaticano.com\\\/wp-content\\\/uploads\\\/2026\\\/08\\\/preghiera_145_1787751306.jpg\",\"width\":1500,\"height\":1500},{\"@type\":\"BreadcrumbList\",\"@id\":\"https:\\\/\\\/www.vaticano.com\\\/es\\\/oracion-a-santa-clara-de-asis-para-la-paz-en-la-familia-union-y-reconciliacion-domestica\\\/#breadcrumb\",\"itemListElement\":[{\"@type\":\"ListItem\",\"position\":1,\"name\":\"Home\",\"item\":\"https:\\\/\\\/www.vaticano.com\\\/es\\\/vaticano-com-religious-tourism-shrines-news\\\/\"},{\"@type\":\"ListItem\",\"position\":2,\"name\":\"Oraci\u00f3n a Santa Clara de As\u00eds para la paz en la familia: Uni\u00f3n y reconciliaci\u00f3n dom\u00e9stica\"}]},{\"@type\":\"WebSite\",\"@id\":\"https:\\\/\\\/www.vaticano.com\\\/#website\",\"url\":\"https:\\\/\\\/www.vaticano.com\\\/\",\"name\":\"Vaticano.com\",\"description\":\"Turismo Religioso, Santuari, Notizie dal mondo cattolico\",\"publisher\":{\"@id\":\"https:\\\/\\\/www.vaticano.com\\\/#organization\"},\"potentialAction\":[{\"@type\":\"SearchAction\",\"target\":{\"@type\":\"EntryPoint\",\"urlTemplate\":\"https:\\\/\\\/www.vaticano.com\\\/?s={search_term_string}\"},\"query-input\":{\"@type\":\"PropertyValueSpecification\",\"valueRequired\":true,\"valueName\":\"search_term_string\"}}],\"inLanguage\":\"es\"},{\"@type\":\"Organization\",\"@id\":\"https:\\\/\\\/www.vaticano.com\\\/#organization\",\"name\":\"Vaticano.com\",\"url\":\"https:\\\/\\\/www.vaticano.com\\\/\",\"logo\":{\"@type\":\"ImageObject\",\"inLanguage\":\"es\",\"@id\":\"https:\\\/\\\/www.vaticano.com\\\/#\\\/schema\\\/logo\\\/image\\\/\",\"url\":\"https:\\\/\\\/www.vaticano.com\\\/wp-content\\\/uploads\\\/2026\\\/05\\\/vaticano-1.png\",\"contentUrl\":\"https:\\\/\\\/www.vaticano.com\\\/wp-content\\\/uploads\\\/2026\\\/05\\\/vaticano-1.png\",\"width\":600,\"height\":150,\"caption\":\"Vaticano.com\"},\"image\":{\"@id\":\"https:\\\/\\\/www.vaticano.com\\\/#\\\/schema\\\/logo\\\/image\\\/\"}},{\"@type\":\"Person\",\"@id\":\"https:\\\/\\\/www.vaticano.com\\\/#\\\/schema\\\/person\\\/5e19ba52fdb505adeb6b55fe216cce3b\",\"name\":\"Padre Bernardo\",\"description\":\"Frate Minore Francescano, teologo e custode della tradizione liturgica. Dedica la sua vita alla preghiera contemplativa e allo studio delle vite dei Santi. Attraverso le sue riflessioni, guida i fedeli alla riscoperta delle radici pi\u00f9 profonde della devozione cattolica e delle grandi suppliche della tradizione ecclesiale, unendo l'umilt\u00e0 francescana al rigore dottrinale.\",\"url\":\"https:\\\/\\\/www.vaticano.com\\\/es\\\/author\\\/padrebernardo\\\/\"}]}<\/script>\n<!-- \/ Yoast SEO plugin. -->","yoast_head_json":{"title":"Oraci\u00f3n a Santa Clara de As\u00eds para la paz en la familia: Uni\u00f3n y reconciliaci\u00f3n dom\u00e9stica - Vaticano.com","robots":{"index":"index","follow":"follow","max-snippet":"max-snippet:-1","max-image-preview":"max-image-preview:large","max-video-preview":"max-video-preview:-1"},"canonical":"https:\/\/www.vaticano.com\/es\/oracion-a-santa-clara-de-asis-para-la-paz-en-la-familia-union-y-reconciliacion-domestica\/","og_locale":"es_ES","og_type":"article","og_title":"Oraci\u00f3n a Santa Clara de As\u00eds para la paz en la familia: Uni\u00f3n y reconciliaci\u00f3n dom\u00e9stica - Vaticano.com","og_description":"Un art\u00edculo de profundizaci\u00f3n teol\u00f3gica y period\u00edstica sobre la oraci\u00f3n a Santa Clara de As\u00eds para invocar la paz, la reconciliaci\u00f3n y la concordia dentro de la familia.","og_url":"https:\/\/www.vaticano.com\/es\/oracion-a-santa-clara-de-asis-para-la-paz-en-la-familia-union-y-reconciliacion-domestica\/","og_site_name":"Vaticano.com","article_published_time":"2026-08-27T01:15:02+00:00","article_modified_time":"2026-08-28T10:40:15+00:00","og_image":[{"width":1500,"height":1500,"url":"https:\/\/www.vaticano.com\/wp-content\/uploads\/2026\/08\/preghiera_145_1787751306.jpg","type":"image\/jpeg"}],"author":"Padre Bernardo","twitter_card":"summary_large_image","twitter_misc":{"Escrito por":"Padre Bernardo","Tiempo de lectura":"3 minutos"},"schema":{"@context":"https:\/\/schema.org","@graph":[{"@type":"Article","@id":"https:\/\/www.vaticano.com\/es\/oracion-a-santa-clara-de-asis-para-la-paz-en-la-familia-union-y-reconciliacion-domestica\/#article","isPartOf":{"@id":"https:\/\/www.vaticano.com\/es\/oracion-a-santa-clara-de-asis-para-la-paz-en-la-familia-union-y-reconciliacion-domestica\/"},"author":{"name":"Padre Bernardo","@id":"https:\/\/www.vaticano.com\/#\/schema\/person\/5e19ba52fdb505adeb6b55fe216cce3b"},"headline":"Oraci\u00f3n a Santa Clara de As\u00eds para la paz en la familia: Uni\u00f3n y reconciliaci\u00f3n dom\u00e9stica","datePublished":"2026-08-27T01:15:02+00:00","dateModified":"2026-08-28T10:40:15+00:00","mainEntityOfPage":{"@id":"https:\/\/www.vaticano.com\/es\/oracion-a-santa-clara-de-asis-para-la-paz-en-la-familia-union-y-reconciliacion-domestica\/"},"wordCount":566,"commentCount":0,"publisher":{"@id":"https:\/\/www.vaticano.com\/#organization"},"image":{"@id":"https:\/\/www.vaticano.com\/es\/oracion-a-santa-clara-de-asis-para-la-paz-en-la-familia-union-y-reconciliacion-domestica\/#primaryimage"},"thumbnailUrl":"https:\/\/www.vaticano.com\/wp-content\/uploads\/2026\/08\/preghiera_145_1787751306.jpg","articleSection":["Devociones, S\u00faplicas y Grandes Peticiones de Intercesi\u00f3n","Oraciones"],"inLanguage":"es","potentialAction":[{"@type":"CommentAction","name":"Comment","target":["https:\/\/www.vaticano.com\/es\/oracion-a-santa-clara-de-asis-para-la-paz-en-la-familia-union-y-reconciliacion-domestica\/#respond"]}]},{"@type":"WebPage","@id":"https:\/\/www.vaticano.com\/es\/oracion-a-santa-clara-de-asis-para-la-paz-en-la-familia-union-y-reconciliacion-domestica\/","url":"https:\/\/www.vaticano.com\/es\/oracion-a-santa-clara-de-asis-para-la-paz-en-la-familia-union-y-reconciliacion-domestica\/","name":"Oraci\u00f3n a Santa Clara de As\u00eds para la paz en la familia: Uni\u00f3n y reconciliaci\u00f3n dom\u00e9stica - Vaticano.com","isPartOf":{"@id":"https:\/\/www.vaticano.com\/#website"},"primaryImageOfPage":{"@id":"https:\/\/www.vaticano.com\/es\/oracion-a-santa-clara-de-asis-para-la-paz-en-la-familia-union-y-reconciliacion-domestica\/#primaryimage"},"image":{"@id":"https:\/\/www.vaticano.com\/es\/oracion-a-santa-clara-de-asis-para-la-paz-en-la-familia-union-y-reconciliacion-domestica\/#primaryimage"},"thumbnailUrl":"https:\/\/www.vaticano.com\/wp-content\/uploads\/2026\/08\/preghiera_145_1787751306.jpg","datePublished":"2026-08-27T01:15:02+00:00","dateModified":"2026-08-28T10:40:15+00:00","breadcrumb":{"@id":"https:\/\/www.vaticano.com\/es\/oracion-a-santa-clara-de-asis-para-la-paz-en-la-familia-union-y-reconciliacion-domestica\/#breadcrumb"},"inLanguage":"es","potentialAction":[{"@type":"ReadAction","target":["https:\/\/www.vaticano.com\/es\/oracion-a-santa-clara-de-asis-para-la-paz-en-la-familia-union-y-reconciliacion-domestica\/"]}]},{"@type":"ImageObject","inLanguage":"es","@id":"https:\/\/www.vaticano.com\/es\/oracion-a-santa-clara-de-asis-para-la-paz-en-la-familia-union-y-reconciliacion-domestica\/#primaryimage","url":"https:\/\/www.vaticano.com\/wp-content\/uploads\/2026\/08\/preghiera_145_1787751306.jpg","contentUrl":"https:\/\/www.vaticano.com\/wp-content\/uploads\/2026\/08\/preghiera_145_1787751306.jpg","width":1500,"height":1500},{"@type":"BreadcrumbList","@id":"https:\/\/www.vaticano.com\/es\/oracion-a-santa-clara-de-asis-para-la-paz-en-la-familia-union-y-reconciliacion-domestica\/#breadcrumb","itemListElement":[{"@type":"ListItem","position":1,"name":"Home","item":"https:\/\/www.vaticano.com\/es\/vaticano-com-religious-tourism-shrines-news\/"},{"@type":"ListItem","position":2,"name":"Oraci\u00f3n a Santa Clara de As\u00eds para la paz en la familia: Uni\u00f3n y reconciliaci\u00f3n dom\u00e9stica"}]},{"@type":"WebSite","@id":"https:\/\/www.vaticano.com\/#website","url":"https:\/\/www.vaticano.com\/","name":"Vaticano.com","description":"Turismo Religioso, Santuari, Notizie dal mondo cattolico","publisher":{"@id":"https:\/\/www.vaticano.com\/#organization"},"potentialAction":[{"@type":"SearchAction","target":{"@type":"EntryPoint","urlTemplate":"https:\/\/www.vaticano.com\/?s={search_term_string}"},"query-input":{"@type":"PropertyValueSpecification","valueRequired":true,"valueName":"search_term_string"}}],"inLanguage":"es"},{"@type":"Organization","@id":"https:\/\/www.vaticano.com\/#organization","name":"Vaticano.com","url":"https:\/\/www.vaticano.com\/","logo":{"@type":"ImageObject","inLanguage":"es","@id":"https:\/\/www.vaticano.com\/#\/schema\/logo\/image\/","url":"https:\/\/www.vaticano.com\/wp-content\/uploads\/2026\/05\/vaticano-1.png","contentUrl":"https:\/\/www.vaticano.com\/wp-content\/uploads\/2026\/05\/vaticano-1.png","width":600,"height":150,"caption":"Vaticano.com"},"image":{"@id":"https:\/\/www.vaticano.com\/#\/schema\/logo\/image\/"}},{"@type":"Person","@id":"https:\/\/www.vaticano.com\/#\/schema\/person\/5e19ba52fdb505adeb6b55fe216cce3b","name":"Padre Bernardo","description":"Frate Minore Francescano, teologo e custode della tradizione liturgica. Dedica la sua vita alla preghiera contemplativa e allo studio delle vite dei Santi. Attraverso le sue riflessioni, guida i fedeli alla riscoperta delle radici pi\u00f9 profonde della devozione cattolica e delle grandi suppliche della tradizione ecclesiale, unendo l'umilt\u00e0 francescana al rigore dottrinale.","url":"https:\/\/www.vaticano.com\/es\/author\/padrebernardo\/"}]}},"_links":{"self":[{"href":"https:\/\/www.vaticano.com\/es\/wp-json\/wp\/v2\/posts\/16378","targetHints":{"allow":["GET"]}}],"collection":[{"href":"https:\/\/www.vaticano.com\/es\/wp-json\/wp\/v2\/posts"}],"about":[{"href":"https:\/\/www.vaticano.com\/es\/wp-json\/wp\/v2\/types\/post"}],"author":[{"embeddable":true,"href":"https:\/\/www.vaticano.com\/es\/wp-json\/wp\/v2\/users\/43"}],"replies":[{"embeddable":true,"href":"https:\/\/www.vaticano.com\/es\/wp-json\/wp\/v2\/comments?post=16378"}],"version-history":[{"count":0,"href":"https:\/\/www.vaticano.com\/es\/wp-json\/wp\/v2\/posts\/16378\/revisions"}],"wp:featuredmedia":[{"embeddable":true,"href":"https:\/\/www.vaticano.com\/es\/wp-json\/wp\/v2\/media\/16366"}],"wp:attachment":[{"href":"https:\/\/www.vaticano.com\/es\/wp-json\/wp\/v2\/media?parent=16378"}],"wp:term":[{"taxonomy":"category","embeddable":true,"href":"https:\/\/www.vaticano.com\/es\/wp-json\/wp\/v2\/categories?post=16378"},{"taxonomy":"post_tag","embeddable":true,"href":"https:\/\/www.vaticano.com\/es\/wp-json\/wp\/v2\/tags?post=16378"}],"curies":[{"name":"wp","href":"https:\/\/api.w.org\/{rel}","templated":true}]}}