{"id":16384,"date":"2026-08-28T03:15:02","date_gmt":"2026-08-28T01:15:02","guid":{"rendered":"https:\/\/www.vaticano.com\/lincontro-con-il-mistero-la-preghiera-prima-di-ricevere-leucaristia-di-san-giovanni-damasceno\/"},"modified":"2026-08-28T12:40:45","modified_gmt":"2026-08-28T10:40:45","slug":"el-encuentro-con-el-misterio-la-oracion-antes-de-recibir-la-eucaristia-de-san-juan-damasceno","status":"publish","type":"post","link":"https:\/\/www.vaticano.com\/es\/el-encuentro-con-el-misterio-la-oracion-antes-de-recibir-la-eucaristia-de-san-juan-damasceno\/","title":{"rendered":"El encuentro con el Misterio: la Oraci\u00f3n antes de recibir la Eucarist\u00eda de San Juan Damasceno"},"content":{"rendered":"\n<h1>Oraci\u00f3n antes de recibir la Eucarist\u00eda &#8211; San Juan Damasceno<\/h1><blockquote style=\"background: #FFFDF9;border-left: 4px solid #CF9D14;padding: 25px;margin: 25px 0;font-style: italic;font-size: 1.25rem;line-height: 1.8;color: #2d3748;border-radius: 0 8px 8px 0\">Ante las puertas de tu santo templo estoy,<br>y sin embargo no me aparto de mis malos pensamientos.<br>Pero t\u00fa, oh Cristo Dios, que justificaste al publicano,<br>que tuviste compasi\u00f3n de la cananea<br>y abriste el para\u00edso al ladr\u00f3n,<br>abre para m\u00ed las entra\u00f1as de tu misericordia,<br>y rec\u00edbeme mientras me acerco a ti y te toco,<br>como a la pecadora y a la hemorro\u00edsa.<br>Esta, en efecto, tocando el borde de tu manto,<br>obtuvo pronto la curaci\u00f3n;<br>aquella, abrazando tus sant\u00edsimos pies,<br>fue liberada del v\u00ednculo de sus pecados.<br>Y yo, miserable, que me atrevo a recibir todo tu cuerpo,<br>haz que no sea consumido, sino rec\u00edbeme, oh Dios,<br>como a ellas, e ilumina mis sentidos espirituales,<br>quemando mis culpas,<br>por intercesi\u00f3n de aquella que te engendr\u00f3 sin semilla<br>y de las potencias celestiales;<br>porque t\u00fa eres bendito por los siglos de los siglos. Am\u00e9n.<\/blockquote><p>La oraci\u00f3n antes de recibir la Eucarist\u00eda atribuida a San Juan Damasceno representa una de las cumbres de la literatura lit\u00fargica y espiritual de Oriente, profundamente arraigada en la tradici\u00f3n patr\u00edstica. San Juan Damasceno, quien vivi\u00f3 entre los siglos VII y VIII, fue uno de los m\u00e1s grandes te\u00f3logos de la Iglesia bizantina, adem\u00e1s de insigne defensor del culto a las im\u00e1genes sagradas durante la crisis iconoclasta. Doctor de la Iglesia, su obra magna, \u00abLa fuente del conocimiento\u00bb, incluye tratados fundamentales sobre la Eucarist\u00eda, vista no como un simple s\u00edmbolo, sino como la verdadera carne y la verdadera sangre de Cristo a trav\u00e9s de la transustanciaci\u00f3n (o transmutaci\u00f3n) operada por el Esp\u00edritu Santo.<\/p><p>Desde el punto de vista teol\u00f3gico e hist\u00f3rico, esta oraci\u00f3n se inserta en el contexto de la preparaci\u00f3n inmediata al Sacramento del altar, un momento que en la Iglesia bizantina, y por extensi\u00f3n en la cat\u00f3lica de rito romano que ha acogido su riqueza espiritual, siempre ha estado rodeado de un profundo temor reverencial y de un agudo sentido de la propia indignidad frente a la santidad de Dios. El texto recurre poderosamente a figuras b\u00edblicas femeninas emblem\u00e1ticas: la pecadora an\u00f3nima del Evangelio de Lucas, la mujer hemorro\u00edsa y la cananea. Estas figuras no son evocadas para subrayar la condena, sino para resaltar la misericordia sin l\u00edmites de Cristo, quien nunca rechaza a quien se acerca a \u00c9l con fe contrita, incluso en medio de su propia miseria espiritual.<\/p><p>Una curiosidad fascinante de esta oraci\u00f3n reside en la paradoja cristol\u00f3gica y existencial que expresa: el creyente se reconoce pecador y \u00abmiserable\u00bb, consciente de que acoger \u00abtodo el cuerpo\u00bb de Cristo podr\u00eda parad\u00f3jicamente quemarlo a causa del fuego devorador de la divinidad. Sin embargo, al igual que la pecadora que besaba los pies de Jes\u00fas y la hemorro\u00edsa que tocaba su manto, el orante se atreve a acercarse. La menci\u00f3n final de la Theotokos (la Madre de Dios) y de las potencias celestiales inserta el acto eucar\u00edstico no como un evento aislado, sino como una participaci\u00f3n m\u00edstica en la liturgia celestial, donde la tierra se une al cielo en la alabanza perenne del Dios bendito por los siglos.<\/p>\n","protected":false},"excerpt":{"rendered":"<p>Un an\u00e1lisis profundo de la Oraci\u00f3n antes de recibir la Eucarist\u00eda de San Juan Damasceno, explorando su texto tradicional, sus or\u00edgenes patr\u00edsticos y el profundo significado teol\u00f3gico centrado en la misericordia divina.<\/p>\n","protected":false},"author":43,"featured_media":16370,"comment_status":"open","ping_status":"open","sticky":false,"template":"","format":"standard","meta":{"footnotes":""},"categories":[4819,4826],"tags":[],"class_list":["post-16384","post","type-post","status-publish","format-standard","has-post-thumbnail","hentry","category-oraciones","category-oraciones-y-plegarias-de-los-padres-y-doctores-de-la-iglesia"],"blocksy_meta":[],"yoast_head":"<!-- This site is optimized with the Yoast SEO plugin v28.4 - https:\/\/yoast.com\/product\/yoast-seo-wordpress\/ -->\n<title>El encuentro con el Misterio: la Oraci\u00f3n antes de recibir la Eucarist\u00eda de San Juan Damasceno - Vaticano.com<\/title>\n<meta name=\"robots\" content=\"index, follow, max-snippet:-1, max-image-preview:large, max-video-preview:-1\" \/>\n<link rel=\"canonical\" href=\"https:\/\/www.vaticano.com\/es\/el-encuentro-con-el-misterio-la-oracion-antes-de-recibir-la-eucaristia-de-san-juan-damasceno\/\" \/>\n<meta property=\"og:locale\" content=\"es_ES\" \/>\n<meta property=\"og:type\" content=\"article\" \/>\n<meta property=\"og:title\" content=\"El encuentro con el Misterio: la Oraci\u00f3n antes de recibir la Eucarist\u00eda de San Juan Damasceno - Vaticano.com\" \/>\n<meta property=\"og:description\" content=\"Un an\u00e1lisis profundo de la Oraci\u00f3n antes de recibir la Eucarist\u00eda de San Juan Damasceno, explorando su texto tradicional, sus or\u00edgenes patr\u00edsticos y el profundo significado teol\u00f3gico centrado en la misericordia divina.\" \/>\n<meta property=\"og:url\" content=\"https:\/\/www.vaticano.com\/es\/el-encuentro-con-el-misterio-la-oracion-antes-de-recibir-la-eucaristia-de-san-juan-damasceno\/\" \/>\n<meta property=\"og:site_name\" content=\"Vaticano.com\" \/>\n<meta property=\"article:published_time\" content=\"2026-08-28T01:15:02+00:00\" \/>\n<meta property=\"article:modified_time\" content=\"2026-08-28T10:40:45+00:00\" \/>\n<meta property=\"og:image\" content=\"https:\/\/www.vaticano.com\/wp-content\/uploads\/2026\/08\/preghiera_259_1787837706.jpg\" \/>\n\t<meta property=\"og:image:width\" content=\"1500\" \/>\n\t<meta property=\"og:image:height\" content=\"1500\" \/>\n\t<meta property=\"og:image:type\" content=\"image\/jpeg\" \/>\n<meta name=\"author\" content=\"Padre Bernardo\" \/>\n<meta name=\"twitter:card\" content=\"summary_large_image\" \/>\n<meta name=\"twitter:label1\" content=\"Escrito por\" \/>\n\t<meta name=\"twitter:data1\" content=\"Padre Bernardo\" \/>\n\t<meta name=\"twitter:label2\" content=\"Tiempo de lectura\" \/>\n\t<meta name=\"twitter:data2\" content=\"3 minutos\" \/>\n<script type=\"application\/ld+json\" class=\"yoast-schema-graph\">{\"@context\":\"https:\\\/\\\/schema.org\",\"@graph\":[{\"@type\":\"Article\",\"@id\":\"https:\\\/\\\/www.vaticano.com\\\/es\\\/el-encuentro-con-el-misterio-la-oracion-antes-de-recibir-la-eucaristia-de-san-juan-damasceno\\\/#article\",\"isPartOf\":{\"@id\":\"https:\\\/\\\/www.vaticano.com\\\/es\\\/el-encuentro-con-el-misterio-la-oracion-antes-de-recibir-la-eucaristia-de-san-juan-damasceno\\\/\"},\"author\":{\"name\":\"Padre Bernardo\",\"@id\":\"https:\\\/\\\/www.vaticano.com\\\/#\\\/schema\\\/person\\\/5e19ba52fdb505adeb6b55fe216cce3b\"},\"headline\":\"El encuentro con el Misterio: la Oraci\u00f3n antes de recibir la Eucarist\u00eda de San Juan Damasceno\",\"datePublished\":\"2026-08-28T01:15:02+00:00\",\"dateModified\":\"2026-08-28T10:40:45+00:00\",\"mainEntityOfPage\":{\"@id\":\"https:\\\/\\\/www.vaticano.com\\\/es\\\/el-encuentro-con-el-misterio-la-oracion-antes-de-recibir-la-eucaristia-de-san-juan-damasceno\\\/\"},\"wordCount\":582,\"commentCount\":0,\"publisher\":{\"@id\":\"https:\\\/\\\/www.vaticano.com\\\/#organization\"},\"image\":{\"@id\":\"https:\\\/\\\/www.vaticano.com\\\/es\\\/el-encuentro-con-el-misterio-la-oracion-antes-de-recibir-la-eucaristia-de-san-juan-damasceno\\\/#primaryimage\"},\"thumbnailUrl\":\"https:\\\/\\\/www.vaticano.com\\\/wp-content\\\/uploads\\\/2026\\\/08\\\/preghiera_259_1787837706.jpg\",\"articleSection\":[\"Oraciones\",\"Oraciones y plegarias de los Padres y Doctores de la Iglesia\"],\"inLanguage\":\"es\",\"potentialAction\":[{\"@type\":\"CommentAction\",\"name\":\"Comment\",\"target\":[\"https:\\\/\\\/www.vaticano.com\\\/es\\\/el-encuentro-con-el-misterio-la-oracion-antes-de-recibir-la-eucaristia-de-san-juan-damasceno\\\/#respond\"]}]},{\"@type\":\"WebPage\",\"@id\":\"https:\\\/\\\/www.vaticano.com\\\/es\\\/el-encuentro-con-el-misterio-la-oracion-antes-de-recibir-la-eucaristia-de-san-juan-damasceno\\\/\",\"url\":\"https:\\\/\\\/www.vaticano.com\\\/es\\\/el-encuentro-con-el-misterio-la-oracion-antes-de-recibir-la-eucaristia-de-san-juan-damasceno\\\/\",\"name\":\"El encuentro con el Misterio: la Oraci\u00f3n antes de recibir la Eucarist\u00eda de San Juan Damasceno - Vaticano.com\",\"isPartOf\":{\"@id\":\"https:\\\/\\\/www.vaticano.com\\\/#website\"},\"primaryImageOfPage\":{\"@id\":\"https:\\\/\\\/www.vaticano.com\\\/es\\\/el-encuentro-con-el-misterio-la-oracion-antes-de-recibir-la-eucaristia-de-san-juan-damasceno\\\/#primaryimage\"},\"image\":{\"@id\":\"https:\\\/\\\/www.vaticano.com\\\/es\\\/el-encuentro-con-el-misterio-la-oracion-antes-de-recibir-la-eucaristia-de-san-juan-damasceno\\\/#primaryimage\"},\"thumbnailUrl\":\"https:\\\/\\\/www.vaticano.com\\\/wp-content\\\/uploads\\\/2026\\\/08\\\/preghiera_259_1787837706.jpg\",\"datePublished\":\"2026-08-28T01:15:02+00:00\",\"dateModified\":\"2026-08-28T10:40:45+00:00\",\"breadcrumb\":{\"@id\":\"https:\\\/\\\/www.vaticano.com\\\/es\\\/el-encuentro-con-el-misterio-la-oracion-antes-de-recibir-la-eucaristia-de-san-juan-damasceno\\\/#breadcrumb\"},\"inLanguage\":\"es\",\"potentialAction\":[{\"@type\":\"ReadAction\",\"target\":[\"https:\\\/\\\/www.vaticano.com\\\/es\\\/el-encuentro-con-el-misterio-la-oracion-antes-de-recibir-la-eucaristia-de-san-juan-damasceno\\\/\"]}]},{\"@type\":\"ImageObject\",\"inLanguage\":\"es\",\"@id\":\"https:\\\/\\\/www.vaticano.com\\\/es\\\/el-encuentro-con-el-misterio-la-oracion-antes-de-recibir-la-eucaristia-de-san-juan-damasceno\\\/#primaryimage\",\"url\":\"https:\\\/\\\/www.vaticano.com\\\/wp-content\\\/uploads\\\/2026\\\/08\\\/preghiera_259_1787837706.jpg\",\"contentUrl\":\"https:\\\/\\\/www.vaticano.com\\\/wp-content\\\/uploads\\\/2026\\\/08\\\/preghiera_259_1787837706.jpg\",\"width\":1500,\"height\":1500},{\"@type\":\"BreadcrumbList\",\"@id\":\"https:\\\/\\\/www.vaticano.com\\\/es\\\/el-encuentro-con-el-misterio-la-oracion-antes-de-recibir-la-eucaristia-de-san-juan-damasceno\\\/#breadcrumb\",\"itemListElement\":[{\"@type\":\"ListItem\",\"position\":1,\"name\":\"Home\",\"item\":\"https:\\\/\\\/www.vaticano.com\\\/es\\\/vaticano-com-religious-tourism-shrines-news\\\/\"},{\"@type\":\"ListItem\",\"position\":2,\"name\":\"El encuentro con el Misterio: la Oraci\u00f3n antes de recibir la Eucarist\u00eda de San Juan Damasceno\"}]},{\"@type\":\"WebSite\",\"@id\":\"https:\\\/\\\/www.vaticano.com\\\/#website\",\"url\":\"https:\\\/\\\/www.vaticano.com\\\/\",\"name\":\"Vaticano.com\",\"description\":\"Turismo Religioso, Santuari, Notizie dal mondo cattolico\",\"publisher\":{\"@id\":\"https:\\\/\\\/www.vaticano.com\\\/#organization\"},\"potentialAction\":[{\"@type\":\"SearchAction\",\"target\":{\"@type\":\"EntryPoint\",\"urlTemplate\":\"https:\\\/\\\/www.vaticano.com\\\/?s={search_term_string}\"},\"query-input\":{\"@type\":\"PropertyValueSpecification\",\"valueRequired\":true,\"valueName\":\"search_term_string\"}}],\"inLanguage\":\"es\"},{\"@type\":\"Organization\",\"@id\":\"https:\\\/\\\/www.vaticano.com\\\/#organization\",\"name\":\"Vaticano.com\",\"url\":\"https:\\\/\\\/www.vaticano.com\\\/\",\"logo\":{\"@type\":\"ImageObject\",\"inLanguage\":\"es\",\"@id\":\"https:\\\/\\\/www.vaticano.com\\\/#\\\/schema\\\/logo\\\/image\\\/\",\"url\":\"https:\\\/\\\/www.vaticano.com\\\/wp-content\\\/uploads\\\/2026\\\/05\\\/vaticano-1.png\",\"contentUrl\":\"https:\\\/\\\/www.vaticano.com\\\/wp-content\\\/uploads\\\/2026\\\/05\\\/vaticano-1.png\",\"width\":600,\"height\":150,\"caption\":\"Vaticano.com\"},\"image\":{\"@id\":\"https:\\\/\\\/www.vaticano.com\\\/#\\\/schema\\\/logo\\\/image\\\/\"}},{\"@type\":\"Person\",\"@id\":\"https:\\\/\\\/www.vaticano.com\\\/#\\\/schema\\\/person\\\/5e19ba52fdb505adeb6b55fe216cce3b\",\"name\":\"Padre Bernardo\",\"description\":\"Frate Minore Francescano, teologo e custode della tradizione liturgica. Dedica la sua vita alla preghiera contemplativa e allo studio delle vite dei Santi. Attraverso le sue riflessioni, guida i fedeli alla riscoperta delle radici pi\u00f9 profonde della devozione cattolica e delle grandi suppliche della tradizione ecclesiale, unendo l'umilt\u00e0 francescana al rigore dottrinale.\",\"url\":\"https:\\\/\\\/www.vaticano.com\\\/es\\\/author\\\/padrebernardo\\\/\"}]}<\/script>\n<!-- \/ Yoast SEO plugin. -->","yoast_head_json":{"title":"El encuentro con el Misterio: la Oraci\u00f3n antes de recibir la Eucarist\u00eda de San Juan Damasceno - Vaticano.com","robots":{"index":"index","follow":"follow","max-snippet":"max-snippet:-1","max-image-preview":"max-image-preview:large","max-video-preview":"max-video-preview:-1"},"canonical":"https:\/\/www.vaticano.com\/es\/el-encuentro-con-el-misterio-la-oracion-antes-de-recibir-la-eucaristia-de-san-juan-damasceno\/","og_locale":"es_ES","og_type":"article","og_title":"El encuentro con el Misterio: la Oraci\u00f3n antes de recibir la Eucarist\u00eda de San Juan Damasceno - Vaticano.com","og_description":"Un an\u00e1lisis profundo de la Oraci\u00f3n antes de recibir la Eucarist\u00eda de San Juan Damasceno, explorando su texto tradicional, sus or\u00edgenes patr\u00edsticos y el profundo significado teol\u00f3gico centrado en la misericordia divina.","og_url":"https:\/\/www.vaticano.com\/es\/el-encuentro-con-el-misterio-la-oracion-antes-de-recibir-la-eucaristia-de-san-juan-damasceno\/","og_site_name":"Vaticano.com","article_published_time":"2026-08-28T01:15:02+00:00","article_modified_time":"2026-08-28T10:40:45+00:00","og_image":[{"width":1500,"height":1500,"url":"https:\/\/www.vaticano.com\/wp-content\/uploads\/2026\/08\/preghiera_259_1787837706.jpg","type":"image\/jpeg"}],"author":"Padre Bernardo","twitter_card":"summary_large_image","twitter_misc":{"Escrito por":"Padre Bernardo","Tiempo de lectura":"3 minutos"},"schema":{"@context":"https:\/\/schema.org","@graph":[{"@type":"Article","@id":"https:\/\/www.vaticano.com\/es\/el-encuentro-con-el-misterio-la-oracion-antes-de-recibir-la-eucaristia-de-san-juan-damasceno\/#article","isPartOf":{"@id":"https:\/\/www.vaticano.com\/es\/el-encuentro-con-el-misterio-la-oracion-antes-de-recibir-la-eucaristia-de-san-juan-damasceno\/"},"author":{"name":"Padre Bernardo","@id":"https:\/\/www.vaticano.com\/#\/schema\/person\/5e19ba52fdb505adeb6b55fe216cce3b"},"headline":"El encuentro con el Misterio: la Oraci\u00f3n antes de recibir la Eucarist\u00eda de San Juan Damasceno","datePublished":"2026-08-28T01:15:02+00:00","dateModified":"2026-08-28T10:40:45+00:00","mainEntityOfPage":{"@id":"https:\/\/www.vaticano.com\/es\/el-encuentro-con-el-misterio-la-oracion-antes-de-recibir-la-eucaristia-de-san-juan-damasceno\/"},"wordCount":582,"commentCount":0,"publisher":{"@id":"https:\/\/www.vaticano.com\/#organization"},"image":{"@id":"https:\/\/www.vaticano.com\/es\/el-encuentro-con-el-misterio-la-oracion-antes-de-recibir-la-eucaristia-de-san-juan-damasceno\/#primaryimage"},"thumbnailUrl":"https:\/\/www.vaticano.com\/wp-content\/uploads\/2026\/08\/preghiera_259_1787837706.jpg","articleSection":["Oraciones","Oraciones y plegarias de los Padres y Doctores de la Iglesia"],"inLanguage":"es","potentialAction":[{"@type":"CommentAction","name":"Comment","target":["https:\/\/www.vaticano.com\/es\/el-encuentro-con-el-misterio-la-oracion-antes-de-recibir-la-eucaristia-de-san-juan-damasceno\/#respond"]}]},{"@type":"WebPage","@id":"https:\/\/www.vaticano.com\/es\/el-encuentro-con-el-misterio-la-oracion-antes-de-recibir-la-eucaristia-de-san-juan-damasceno\/","url":"https:\/\/www.vaticano.com\/es\/el-encuentro-con-el-misterio-la-oracion-antes-de-recibir-la-eucaristia-de-san-juan-damasceno\/","name":"El encuentro con el Misterio: la Oraci\u00f3n antes de recibir la Eucarist\u00eda de San Juan Damasceno - Vaticano.com","isPartOf":{"@id":"https:\/\/www.vaticano.com\/#website"},"primaryImageOfPage":{"@id":"https:\/\/www.vaticano.com\/es\/el-encuentro-con-el-misterio-la-oracion-antes-de-recibir-la-eucaristia-de-san-juan-damasceno\/#primaryimage"},"image":{"@id":"https:\/\/www.vaticano.com\/es\/el-encuentro-con-el-misterio-la-oracion-antes-de-recibir-la-eucaristia-de-san-juan-damasceno\/#primaryimage"},"thumbnailUrl":"https:\/\/www.vaticano.com\/wp-content\/uploads\/2026\/08\/preghiera_259_1787837706.jpg","datePublished":"2026-08-28T01:15:02+00:00","dateModified":"2026-08-28T10:40:45+00:00","breadcrumb":{"@id":"https:\/\/www.vaticano.com\/es\/el-encuentro-con-el-misterio-la-oracion-antes-de-recibir-la-eucaristia-de-san-juan-damasceno\/#breadcrumb"},"inLanguage":"es","potentialAction":[{"@type":"ReadAction","target":["https:\/\/www.vaticano.com\/es\/el-encuentro-con-el-misterio-la-oracion-antes-de-recibir-la-eucaristia-de-san-juan-damasceno\/"]}]},{"@type":"ImageObject","inLanguage":"es","@id":"https:\/\/www.vaticano.com\/es\/el-encuentro-con-el-misterio-la-oracion-antes-de-recibir-la-eucaristia-de-san-juan-damasceno\/#primaryimage","url":"https:\/\/www.vaticano.com\/wp-content\/uploads\/2026\/08\/preghiera_259_1787837706.jpg","contentUrl":"https:\/\/www.vaticano.com\/wp-content\/uploads\/2026\/08\/preghiera_259_1787837706.jpg","width":1500,"height":1500},{"@type":"BreadcrumbList","@id":"https:\/\/www.vaticano.com\/es\/el-encuentro-con-el-misterio-la-oracion-antes-de-recibir-la-eucaristia-de-san-juan-damasceno\/#breadcrumb","itemListElement":[{"@type":"ListItem","position":1,"name":"Home","item":"https:\/\/www.vaticano.com\/es\/vaticano-com-religious-tourism-shrines-news\/"},{"@type":"ListItem","position":2,"name":"El encuentro con el Misterio: la Oraci\u00f3n antes de recibir la Eucarist\u00eda de San Juan Damasceno"}]},{"@type":"WebSite","@id":"https:\/\/www.vaticano.com\/#website","url":"https:\/\/www.vaticano.com\/","name":"Vaticano.com","description":"Turismo Religioso, Santuari, Notizie dal mondo cattolico","publisher":{"@id":"https:\/\/www.vaticano.com\/#organization"},"potentialAction":[{"@type":"SearchAction","target":{"@type":"EntryPoint","urlTemplate":"https:\/\/www.vaticano.com\/?s={search_term_string}"},"query-input":{"@type":"PropertyValueSpecification","valueRequired":true,"valueName":"search_term_string"}}],"inLanguage":"es"},{"@type":"Organization","@id":"https:\/\/www.vaticano.com\/#organization","name":"Vaticano.com","url":"https:\/\/www.vaticano.com\/","logo":{"@type":"ImageObject","inLanguage":"es","@id":"https:\/\/www.vaticano.com\/#\/schema\/logo\/image\/","url":"https:\/\/www.vaticano.com\/wp-content\/uploads\/2026\/05\/vaticano-1.png","contentUrl":"https:\/\/www.vaticano.com\/wp-content\/uploads\/2026\/05\/vaticano-1.png","width":600,"height":150,"caption":"Vaticano.com"},"image":{"@id":"https:\/\/www.vaticano.com\/#\/schema\/logo\/image\/"}},{"@type":"Person","@id":"https:\/\/www.vaticano.com\/#\/schema\/person\/5e19ba52fdb505adeb6b55fe216cce3b","name":"Padre Bernardo","description":"Frate Minore Francescano, teologo e custode della tradizione liturgica. Dedica la sua vita alla preghiera contemplativa e allo studio delle vite dei Santi. Attraverso le sue riflessioni, guida i fedeli alla riscoperta delle radici pi\u00f9 profonde della devozione cattolica e delle grandi suppliche della tradizione ecclesiale, unendo l'umilt\u00e0 francescana al rigore dottrinale.","url":"https:\/\/www.vaticano.com\/es\/author\/padrebernardo\/"}]}},"_links":{"self":[{"href":"https:\/\/www.vaticano.com\/es\/wp-json\/wp\/v2\/posts\/16384","targetHints":{"allow":["GET"]}}],"collection":[{"href":"https:\/\/www.vaticano.com\/es\/wp-json\/wp\/v2\/posts"}],"about":[{"href":"https:\/\/www.vaticano.com\/es\/wp-json\/wp\/v2\/types\/post"}],"author":[{"embeddable":true,"href":"https:\/\/www.vaticano.com\/es\/wp-json\/wp\/v2\/users\/43"}],"replies":[{"embeddable":true,"href":"https:\/\/www.vaticano.com\/es\/wp-json\/wp\/v2\/comments?post=16384"}],"version-history":[{"count":0,"href":"https:\/\/www.vaticano.com\/es\/wp-json\/wp\/v2\/posts\/16384\/revisions"}],"wp:featuredmedia":[{"embeddable":true,"href":"https:\/\/www.vaticano.com\/es\/wp-json\/wp\/v2\/media\/16370"}],"wp:attachment":[{"href":"https:\/\/www.vaticano.com\/es\/wp-json\/wp\/v2\/media?parent=16384"}],"wp:term":[{"taxonomy":"category","embeddable":true,"href":"https:\/\/www.vaticano.com\/es\/wp-json\/wp\/v2\/categories?post=16384"},{"taxonomy":"post_tag","embeddable":true,"href":"https:\/\/www.vaticano.com\/es\/wp-json\/wp\/v2\/tags?post=16384"}],"curies":[{"name":"wp","href":"https:\/\/api.w.org\/{rel}","templated":true}]}}