{"id":16393,"date":"2026-08-24T03:15:02","date_gmt":"2026-08-24T01:15:02","guid":{"rendered":"https:\/\/www.vaticano.com\/tantum-ergo-il-sublime-inno-eucaristico-di-san-tommaso-daquino-tra-storia-teologia-e-liturgia\/"},"modified":"2026-08-28T12:42:35","modified_gmt":"2026-08-28T10:42:35","slug":"tantum-ergo-el-sublime-himno-eucaristico-de-santo-tomas-de-aquino-entre-historia-teologia-y-liturgia","status":"publish","type":"post","link":"https:\/\/www.vaticano.com\/es\/tantum-ergo-el-sublime-himno-eucaristico-de-santo-tomas-de-aquino-entre-historia-teologia-y-liturgia\/","title":{"rendered":"Tantum Ergo: El Sublime Himno Eucar\u00edstico de Santo Tom\u00e1s de Aquino entre Historia, Teolog\u00eda y Liturgia"},"content":{"rendered":"\n<h1>Tantum Ergo (Adoraci\u00f3n Eucar\u00edstica) &#8211; Santo Tom\u00e1s de Aquino<\/h1><blockquote style=\"background: #FFFDF9;border-left: 4px solid #CF9D14;padding: 25px;margin: 25px 0;font-style: italic;font-size: 1.25rem;line-height: 1.8;color: #2d3748;border-radius: 0 8px 8px 0\">Tantum ergo Sacramentum<br>Veneremur cernui,<br>Et antiquum documentum<br>Novo cedat ritui;<br>Pr\u00e6stet fides supplementum<br>Sensuum defectui.<br><br>Genitori, Genitoque<br>Laus et jubilatio,<br>Salus, honor, virtus quoque<br>Sit et benedictio:<br>Procedenti ab utroque<br>Compar sit laudatio.<br>Amen.<\/blockquote><p>El <em>Tantum Ergo<\/em> representa una de las cumbres m\u00e1s altas de la poes\u00eda lit\u00fargica cristiana y de la reflexi\u00f3n teol\u00f3gica sobre la Eucarist\u00eda. Hist\u00f3ricamente, este texto no es m\u00e1s que la conclusi\u00f3n, es decir, las dos \u00faltimas estrofas de un himno mucho m\u00e1s amplio compuesto en el siglo XIII por el <em>Doctor Angelicus<\/em>, Santo Tom\u00e1s de Aquino: el <em>Pange Lingua Gloriosi Corporis Mysterium<\/em>. El Papa Urbano IV encarg\u00f3 a Tom\u00e1s la composici\u00f3n de todo el oficio y la misa para la reci\u00e9n nacida solemnidad del Corpus Christi, instituida en 1264 para dar expresi\u00f3n p\u00fablica y solemne a la fe cat\u00f3lica en la Presencia Real de Cristo en el sacramento del altar, especialmente despu\u00e9s de los supuestos milagros eucar\u00edsticos como el de Bolsena.<\/p><p>Desde el punto de vista teol\u00f3gico, el <em>Tantum Ergo<\/em> condensa en muy pocos versos el coraz\u00f3n del misterio transustanciado. En la primera estrofa, Tom\u00e1s invita a venerar con la cabeza inclinada un Sacramento tan grande (\u00abTantum ergo Sacramentum veneremur cernui\u00bb), subrayando el paso hist\u00f3rico entre el Antiguo Testamento y el Nuevo (\u00abEt antiquum documentum novo cedat ritui\u00bb). El te\u00f3logo dominico aborda despu\u00e9s el l\u00edmite de la percepci\u00f3n humana: dado que los sentidos fallan ante las especies del pan y del vino que permanecen inmutadas, es la fe la que debe llenar este vac\u00edo (\u00abPr\u00e6stet fides supplementum sensuum defectui\u00bb), captando la verdadera y sustancial presencia del Verbo encarnado.<\/p><p>La segunda estrofa, tambi\u00e9n conocida como doxolog\u00eda (la f\u00f3rmula de alabanza a la Trinidad), eleva la alabanza al Padre (Genitor) y al Hijo engendrado (Genitus), para luego mencionar al Esp\u00edritu Santo que procede de ambos (Procedenti ab utroque). Esta estructura trinitaria conecta indisolublemente el misterio eucar\u00edstico con la vida \u00edntima de Dios, cerr\u00e1ndose con el Am\u00e9n que sella la adoraci\u00f3n de la comunidad eclesial. Curiosamente, en los siglos posteriores, estas dos estrofas han adquirido una autonom\u00eda lit\u00fargica extraordinaria respecto al <em>Pange Lingua<\/em>, convirti\u00e9ndose en el canto oficial y exclusivo para la Bendici\u00f3n Eucar\u00edstica y la adoraci\u00f3n solemne en todo el rito romano de la Iglesia cat\u00f3lica, inspirando obras maestras musicales firmadas por compositores de la talla de Mozart, Faur\u00e9, Durufl\u00e9 y Bruckner.<\/p>\n","protected":false},"excerpt":{"rendered":"<p>Un an\u00e1lisis profundo del Tantum Ergo de Santo Tom\u00e1s de Aquino, desde sus or\u00edgenes hist\u00f3ricos para la fiesta del Corpus Christi hasta su densa teolog\u00eda eucar\u00edstica y trinitaria, con el texto tradicional insertado en el bloque HTML dedicado.<\/p>\n","protected":false},"author":43,"featured_media":16347,"comment_status":"open","ping_status":"open","sticky":false,"template":"","format":"standard","meta":{"footnotes":""},"categories":[4918,4819],"tags":[],"class_list":["post-16393","post","type-post","status-publish","format-standard","has-post-thumbnail","hentry","category-grandes-himnos-canticos-y-oraciones-liturgicas","category-oraciones"],"blocksy_meta":[],"yoast_head":"<!-- This site is optimized with the Yoast SEO plugin v28.4 - https:\/\/yoast.com\/product\/yoast-seo-wordpress\/ -->\n<title>Tantum Ergo: El Sublime Himno Eucar\u00edstico de Santo Tom\u00e1s de Aquino entre Historia, Teolog\u00eda y Liturgia - Vaticano.com<\/title>\n<meta name=\"robots\" content=\"index, follow, max-snippet:-1, max-image-preview:large, max-video-preview:-1\" \/>\n<link rel=\"canonical\" href=\"https:\/\/www.vaticano.com\/es\/tantum-ergo-el-sublime-himno-eucaristico-de-santo-tomas-de-aquino-entre-historia-teologia-y-liturgia\/\" \/>\n<meta property=\"og:locale\" content=\"es_ES\" \/>\n<meta property=\"og:type\" content=\"article\" \/>\n<meta property=\"og:title\" content=\"Tantum Ergo: El Sublime Himno Eucar\u00edstico de Santo Tom\u00e1s de Aquino entre Historia, Teolog\u00eda y Liturgia - Vaticano.com\" \/>\n<meta property=\"og:description\" content=\"Un an\u00e1lisis profundo del Tantum Ergo de Santo Tom\u00e1s de Aquino, desde sus or\u00edgenes hist\u00f3ricos para la fiesta del Corpus Christi hasta su densa teolog\u00eda eucar\u00edstica y trinitaria, con el texto tradicional insertado en el bloque HTML dedicado.\" \/>\n<meta property=\"og:url\" content=\"https:\/\/www.vaticano.com\/es\/tantum-ergo-el-sublime-himno-eucaristico-de-santo-tomas-de-aquino-entre-historia-teologia-y-liturgia\/\" \/>\n<meta property=\"og:site_name\" content=\"Vaticano.com\" \/>\n<meta property=\"article:published_time\" content=\"2026-08-24T01:15:02+00:00\" \/>\n<meta property=\"article:modified_time\" content=\"2026-08-28T10:42:35+00:00\" \/>\n<meta property=\"og:image\" content=\"https:\/\/www.vaticano.com\/wp-content\/uploads\/2026\/08\/preghiera_38_1787492105.jpg\" \/>\n\t<meta property=\"og:image:width\" content=\"1500\" \/>\n\t<meta property=\"og:image:height\" content=\"1500\" \/>\n\t<meta property=\"og:image:type\" content=\"image\/jpeg\" \/>\n<meta name=\"author\" content=\"Padre Bernardo\" \/>\n<meta name=\"twitter:card\" content=\"summary_large_image\" \/>\n<meta name=\"twitter:label1\" content=\"Escrito por\" \/>\n\t<meta name=\"twitter:data1\" content=\"Padre Bernardo\" \/>\n\t<meta name=\"twitter:label2\" content=\"Tiempo de lectura\" \/>\n\t<meta name=\"twitter:data2\" content=\"2 minutos\" \/>\n<script type=\"application\/ld+json\" class=\"yoast-schema-graph\">{\"@context\":\"https:\\\/\\\/schema.org\",\"@graph\":[{\"@type\":\"Article\",\"@id\":\"https:\\\/\\\/www.vaticano.com\\\/es\\\/tantum-ergo-el-sublime-himno-eucaristico-de-santo-tomas-de-aquino-entre-historia-teologia-y-liturgia\\\/#article\",\"isPartOf\":{\"@id\":\"https:\\\/\\\/www.vaticano.com\\\/es\\\/tantum-ergo-el-sublime-himno-eucaristico-de-santo-tomas-de-aquino-entre-historia-teologia-y-liturgia\\\/\"},\"author\":{\"name\":\"Padre Bernardo\",\"@id\":\"https:\\\/\\\/www.vaticano.com\\\/#\\\/schema\\\/person\\\/5e19ba52fdb505adeb6b55fe216cce3b\"},\"headline\":\"Tantum Ergo: El Sublime Himno Eucar\u00edstico de Santo Tom\u00e1s de Aquino entre Historia, Teolog\u00eda y Liturgia\",\"datePublished\":\"2026-08-24T01:15:02+00:00\",\"dateModified\":\"2026-08-28T10:42:35+00:00\",\"mainEntityOfPage\":{\"@id\":\"https:\\\/\\\/www.vaticano.com\\\/es\\\/tantum-ergo-el-sublime-himno-eucaristico-de-santo-tomas-de-aquino-entre-historia-teologia-y-liturgia\\\/\"},\"wordCount\":455,\"commentCount\":0,\"publisher\":{\"@id\":\"https:\\\/\\\/www.vaticano.com\\\/#organization\"},\"image\":{\"@id\":\"https:\\\/\\\/www.vaticano.com\\\/es\\\/tantum-ergo-el-sublime-himno-eucaristico-de-santo-tomas-de-aquino-entre-historia-teologia-y-liturgia\\\/#primaryimage\"},\"thumbnailUrl\":\"https:\\\/\\\/www.vaticano.com\\\/wp-content\\\/uploads\\\/2026\\\/08\\\/preghiera_38_1787492105.jpg\",\"articleSection\":[\"Grandes Himnos, C\u00e1nticos y Oraciones Lit\u00fargicas\",\"Oraciones\"],\"inLanguage\":\"es\",\"potentialAction\":[{\"@type\":\"CommentAction\",\"name\":\"Comment\",\"target\":[\"https:\\\/\\\/www.vaticano.com\\\/es\\\/tantum-ergo-el-sublime-himno-eucaristico-de-santo-tomas-de-aquino-entre-historia-teologia-y-liturgia\\\/#respond\"]}]},{\"@type\":\"WebPage\",\"@id\":\"https:\\\/\\\/www.vaticano.com\\\/es\\\/tantum-ergo-el-sublime-himno-eucaristico-de-santo-tomas-de-aquino-entre-historia-teologia-y-liturgia\\\/\",\"url\":\"https:\\\/\\\/www.vaticano.com\\\/es\\\/tantum-ergo-el-sublime-himno-eucaristico-de-santo-tomas-de-aquino-entre-historia-teologia-y-liturgia\\\/\",\"name\":\"Tantum Ergo: El Sublime Himno Eucar\u00edstico de Santo Tom\u00e1s de Aquino entre Historia, Teolog\u00eda y Liturgia - Vaticano.com\",\"isPartOf\":{\"@id\":\"https:\\\/\\\/www.vaticano.com\\\/#website\"},\"primaryImageOfPage\":{\"@id\":\"https:\\\/\\\/www.vaticano.com\\\/es\\\/tantum-ergo-el-sublime-himno-eucaristico-de-santo-tomas-de-aquino-entre-historia-teologia-y-liturgia\\\/#primaryimage\"},\"image\":{\"@id\":\"https:\\\/\\\/www.vaticano.com\\\/es\\\/tantum-ergo-el-sublime-himno-eucaristico-de-santo-tomas-de-aquino-entre-historia-teologia-y-liturgia\\\/#primaryimage\"},\"thumbnailUrl\":\"https:\\\/\\\/www.vaticano.com\\\/wp-content\\\/uploads\\\/2026\\\/08\\\/preghiera_38_1787492105.jpg\",\"datePublished\":\"2026-08-24T01:15:02+00:00\",\"dateModified\":\"2026-08-28T10:42:35+00:00\",\"breadcrumb\":{\"@id\":\"https:\\\/\\\/www.vaticano.com\\\/es\\\/tantum-ergo-el-sublime-himno-eucaristico-de-santo-tomas-de-aquino-entre-historia-teologia-y-liturgia\\\/#breadcrumb\"},\"inLanguage\":\"es\",\"potentialAction\":[{\"@type\":\"ReadAction\",\"target\":[\"https:\\\/\\\/www.vaticano.com\\\/es\\\/tantum-ergo-el-sublime-himno-eucaristico-de-santo-tomas-de-aquino-entre-historia-teologia-y-liturgia\\\/\"]}]},{\"@type\":\"ImageObject\",\"inLanguage\":\"es\",\"@id\":\"https:\\\/\\\/www.vaticano.com\\\/es\\\/tantum-ergo-el-sublime-himno-eucaristico-de-santo-tomas-de-aquino-entre-historia-teologia-y-liturgia\\\/#primaryimage\",\"url\":\"https:\\\/\\\/www.vaticano.com\\\/wp-content\\\/uploads\\\/2026\\\/08\\\/preghiera_38_1787492105.jpg\",\"contentUrl\":\"https:\\\/\\\/www.vaticano.com\\\/wp-content\\\/uploads\\\/2026\\\/08\\\/preghiera_38_1787492105.jpg\",\"width\":1500,\"height\":1500},{\"@type\":\"BreadcrumbList\",\"@id\":\"https:\\\/\\\/www.vaticano.com\\\/es\\\/tantum-ergo-el-sublime-himno-eucaristico-de-santo-tomas-de-aquino-entre-historia-teologia-y-liturgia\\\/#breadcrumb\",\"itemListElement\":[{\"@type\":\"ListItem\",\"position\":1,\"name\":\"Home\",\"item\":\"https:\\\/\\\/www.vaticano.com\\\/es\\\/vaticano-com-religious-tourism-shrines-news\\\/\"},{\"@type\":\"ListItem\",\"position\":2,\"name\":\"Tantum Ergo: El Sublime Himno Eucar\u00edstico de Santo Tom\u00e1s de Aquino entre Historia, Teolog\u00eda y Liturgia\"}]},{\"@type\":\"WebSite\",\"@id\":\"https:\\\/\\\/www.vaticano.com\\\/#website\",\"url\":\"https:\\\/\\\/www.vaticano.com\\\/\",\"name\":\"Vaticano.com\",\"description\":\"Turismo Religioso, Santuari, Notizie dal mondo cattolico\",\"publisher\":{\"@id\":\"https:\\\/\\\/www.vaticano.com\\\/#organization\"},\"potentialAction\":[{\"@type\":\"SearchAction\",\"target\":{\"@type\":\"EntryPoint\",\"urlTemplate\":\"https:\\\/\\\/www.vaticano.com\\\/?s={search_term_string}\"},\"query-input\":{\"@type\":\"PropertyValueSpecification\",\"valueRequired\":true,\"valueName\":\"search_term_string\"}}],\"inLanguage\":\"es\"},{\"@type\":\"Organization\",\"@id\":\"https:\\\/\\\/www.vaticano.com\\\/#organization\",\"name\":\"Vaticano.com\",\"url\":\"https:\\\/\\\/www.vaticano.com\\\/\",\"logo\":{\"@type\":\"ImageObject\",\"inLanguage\":\"es\",\"@id\":\"https:\\\/\\\/www.vaticano.com\\\/#\\\/schema\\\/logo\\\/image\\\/\",\"url\":\"https:\\\/\\\/www.vaticano.com\\\/wp-content\\\/uploads\\\/2026\\\/05\\\/vaticano-1.png\",\"contentUrl\":\"https:\\\/\\\/www.vaticano.com\\\/wp-content\\\/uploads\\\/2026\\\/05\\\/vaticano-1.png\",\"width\":600,\"height\":150,\"caption\":\"Vaticano.com\"},\"image\":{\"@id\":\"https:\\\/\\\/www.vaticano.com\\\/#\\\/schema\\\/logo\\\/image\\\/\"}},{\"@type\":\"Person\",\"@id\":\"https:\\\/\\\/www.vaticano.com\\\/#\\\/schema\\\/person\\\/5e19ba52fdb505adeb6b55fe216cce3b\",\"name\":\"Padre Bernardo\",\"description\":\"Frate Minore Francescano, teologo e custode della tradizione liturgica. Dedica la sua vita alla preghiera contemplativa e allo studio delle vite dei Santi. Attraverso le sue riflessioni, guida i fedeli alla riscoperta delle radici pi\u00f9 profonde della devozione cattolica e delle grandi suppliche della tradizione ecclesiale, unendo l'umilt\u00e0 francescana al rigore dottrinale.\",\"url\":\"https:\\\/\\\/www.vaticano.com\\\/es\\\/author\\\/padrebernardo\\\/\"}]}<\/script>\n<!-- \/ Yoast SEO plugin. -->","yoast_head_json":{"title":"Tantum Ergo: El Sublime Himno Eucar\u00edstico de Santo Tom\u00e1s de Aquino entre Historia, Teolog\u00eda y Liturgia - Vaticano.com","robots":{"index":"index","follow":"follow","max-snippet":"max-snippet:-1","max-image-preview":"max-image-preview:large","max-video-preview":"max-video-preview:-1"},"canonical":"https:\/\/www.vaticano.com\/es\/tantum-ergo-el-sublime-himno-eucaristico-de-santo-tomas-de-aquino-entre-historia-teologia-y-liturgia\/","og_locale":"es_ES","og_type":"article","og_title":"Tantum Ergo: El Sublime Himno Eucar\u00edstico de Santo Tom\u00e1s de Aquino entre Historia, Teolog\u00eda y Liturgia - Vaticano.com","og_description":"Un an\u00e1lisis profundo del Tantum Ergo de Santo Tom\u00e1s de Aquino, desde sus or\u00edgenes hist\u00f3ricos para la fiesta del Corpus Christi hasta su densa teolog\u00eda eucar\u00edstica y trinitaria, con el texto tradicional insertado en el bloque HTML dedicado.","og_url":"https:\/\/www.vaticano.com\/es\/tantum-ergo-el-sublime-himno-eucaristico-de-santo-tomas-de-aquino-entre-historia-teologia-y-liturgia\/","og_site_name":"Vaticano.com","article_published_time":"2026-08-24T01:15:02+00:00","article_modified_time":"2026-08-28T10:42:35+00:00","og_image":[{"width":1500,"height":1500,"url":"https:\/\/www.vaticano.com\/wp-content\/uploads\/2026\/08\/preghiera_38_1787492105.jpg","type":"image\/jpeg"}],"author":"Padre Bernardo","twitter_card":"summary_large_image","twitter_misc":{"Escrito por":"Padre Bernardo","Tiempo de lectura":"2 minutos"},"schema":{"@context":"https:\/\/schema.org","@graph":[{"@type":"Article","@id":"https:\/\/www.vaticano.com\/es\/tantum-ergo-el-sublime-himno-eucaristico-de-santo-tomas-de-aquino-entre-historia-teologia-y-liturgia\/#article","isPartOf":{"@id":"https:\/\/www.vaticano.com\/es\/tantum-ergo-el-sublime-himno-eucaristico-de-santo-tomas-de-aquino-entre-historia-teologia-y-liturgia\/"},"author":{"name":"Padre Bernardo","@id":"https:\/\/www.vaticano.com\/#\/schema\/person\/5e19ba52fdb505adeb6b55fe216cce3b"},"headline":"Tantum Ergo: El Sublime Himno Eucar\u00edstico de Santo Tom\u00e1s de Aquino entre Historia, Teolog\u00eda y Liturgia","datePublished":"2026-08-24T01:15:02+00:00","dateModified":"2026-08-28T10:42:35+00:00","mainEntityOfPage":{"@id":"https:\/\/www.vaticano.com\/es\/tantum-ergo-el-sublime-himno-eucaristico-de-santo-tomas-de-aquino-entre-historia-teologia-y-liturgia\/"},"wordCount":455,"commentCount":0,"publisher":{"@id":"https:\/\/www.vaticano.com\/#organization"},"image":{"@id":"https:\/\/www.vaticano.com\/es\/tantum-ergo-el-sublime-himno-eucaristico-de-santo-tomas-de-aquino-entre-historia-teologia-y-liturgia\/#primaryimage"},"thumbnailUrl":"https:\/\/www.vaticano.com\/wp-content\/uploads\/2026\/08\/preghiera_38_1787492105.jpg","articleSection":["Grandes Himnos, C\u00e1nticos y Oraciones Lit\u00fargicas","Oraciones"],"inLanguage":"es","potentialAction":[{"@type":"CommentAction","name":"Comment","target":["https:\/\/www.vaticano.com\/es\/tantum-ergo-el-sublime-himno-eucaristico-de-santo-tomas-de-aquino-entre-historia-teologia-y-liturgia\/#respond"]}]},{"@type":"WebPage","@id":"https:\/\/www.vaticano.com\/es\/tantum-ergo-el-sublime-himno-eucaristico-de-santo-tomas-de-aquino-entre-historia-teologia-y-liturgia\/","url":"https:\/\/www.vaticano.com\/es\/tantum-ergo-el-sublime-himno-eucaristico-de-santo-tomas-de-aquino-entre-historia-teologia-y-liturgia\/","name":"Tantum Ergo: El Sublime Himno Eucar\u00edstico de Santo Tom\u00e1s de Aquino entre Historia, Teolog\u00eda y Liturgia - Vaticano.com","isPartOf":{"@id":"https:\/\/www.vaticano.com\/#website"},"primaryImageOfPage":{"@id":"https:\/\/www.vaticano.com\/es\/tantum-ergo-el-sublime-himno-eucaristico-de-santo-tomas-de-aquino-entre-historia-teologia-y-liturgia\/#primaryimage"},"image":{"@id":"https:\/\/www.vaticano.com\/es\/tantum-ergo-el-sublime-himno-eucaristico-de-santo-tomas-de-aquino-entre-historia-teologia-y-liturgia\/#primaryimage"},"thumbnailUrl":"https:\/\/www.vaticano.com\/wp-content\/uploads\/2026\/08\/preghiera_38_1787492105.jpg","datePublished":"2026-08-24T01:15:02+00:00","dateModified":"2026-08-28T10:42:35+00:00","breadcrumb":{"@id":"https:\/\/www.vaticano.com\/es\/tantum-ergo-el-sublime-himno-eucaristico-de-santo-tomas-de-aquino-entre-historia-teologia-y-liturgia\/#breadcrumb"},"inLanguage":"es","potentialAction":[{"@type":"ReadAction","target":["https:\/\/www.vaticano.com\/es\/tantum-ergo-el-sublime-himno-eucaristico-de-santo-tomas-de-aquino-entre-historia-teologia-y-liturgia\/"]}]},{"@type":"ImageObject","inLanguage":"es","@id":"https:\/\/www.vaticano.com\/es\/tantum-ergo-el-sublime-himno-eucaristico-de-santo-tomas-de-aquino-entre-historia-teologia-y-liturgia\/#primaryimage","url":"https:\/\/www.vaticano.com\/wp-content\/uploads\/2026\/08\/preghiera_38_1787492105.jpg","contentUrl":"https:\/\/www.vaticano.com\/wp-content\/uploads\/2026\/08\/preghiera_38_1787492105.jpg","width":1500,"height":1500},{"@type":"BreadcrumbList","@id":"https:\/\/www.vaticano.com\/es\/tantum-ergo-el-sublime-himno-eucaristico-de-santo-tomas-de-aquino-entre-historia-teologia-y-liturgia\/#breadcrumb","itemListElement":[{"@type":"ListItem","position":1,"name":"Home","item":"https:\/\/www.vaticano.com\/es\/vaticano-com-religious-tourism-shrines-news\/"},{"@type":"ListItem","position":2,"name":"Tantum Ergo: El Sublime Himno Eucar\u00edstico de Santo Tom\u00e1s de Aquino entre Historia, Teolog\u00eda y Liturgia"}]},{"@type":"WebSite","@id":"https:\/\/www.vaticano.com\/#website","url":"https:\/\/www.vaticano.com\/","name":"Vaticano.com","description":"Turismo Religioso, Santuari, Notizie dal mondo cattolico","publisher":{"@id":"https:\/\/www.vaticano.com\/#organization"},"potentialAction":[{"@type":"SearchAction","target":{"@type":"EntryPoint","urlTemplate":"https:\/\/www.vaticano.com\/?s={search_term_string}"},"query-input":{"@type":"PropertyValueSpecification","valueRequired":true,"valueName":"search_term_string"}}],"inLanguage":"es"},{"@type":"Organization","@id":"https:\/\/www.vaticano.com\/#organization","name":"Vaticano.com","url":"https:\/\/www.vaticano.com\/","logo":{"@type":"ImageObject","inLanguage":"es","@id":"https:\/\/www.vaticano.com\/#\/schema\/logo\/image\/","url":"https:\/\/www.vaticano.com\/wp-content\/uploads\/2026\/05\/vaticano-1.png","contentUrl":"https:\/\/www.vaticano.com\/wp-content\/uploads\/2026\/05\/vaticano-1.png","width":600,"height":150,"caption":"Vaticano.com"},"image":{"@id":"https:\/\/www.vaticano.com\/#\/schema\/logo\/image\/"}},{"@type":"Person","@id":"https:\/\/www.vaticano.com\/#\/schema\/person\/5e19ba52fdb505adeb6b55fe216cce3b","name":"Padre Bernardo","description":"Frate Minore Francescano, teologo e custode della tradizione liturgica. Dedica la sua vita alla preghiera contemplativa e allo studio delle vite dei Santi. Attraverso le sue riflessioni, guida i fedeli alla riscoperta delle radici pi\u00f9 profonde della devozione cattolica e delle grandi suppliche della tradizione ecclesiale, unendo l'umilt\u00e0 francescana al rigore dottrinale.","url":"https:\/\/www.vaticano.com\/es\/author\/padrebernardo\/"}]}},"_links":{"self":[{"href":"https:\/\/www.vaticano.com\/es\/wp-json\/wp\/v2\/posts\/16393","targetHints":{"allow":["GET"]}}],"collection":[{"href":"https:\/\/www.vaticano.com\/es\/wp-json\/wp\/v2\/posts"}],"about":[{"href":"https:\/\/www.vaticano.com\/es\/wp-json\/wp\/v2\/types\/post"}],"author":[{"embeddable":true,"href":"https:\/\/www.vaticano.com\/es\/wp-json\/wp\/v2\/users\/43"}],"replies":[{"embeddable":true,"href":"https:\/\/www.vaticano.com\/es\/wp-json\/wp\/v2\/comments?post=16393"}],"version-history":[{"count":0,"href":"https:\/\/www.vaticano.com\/es\/wp-json\/wp\/v2\/posts\/16393\/revisions"}],"wp:featuredmedia":[{"embeddable":true,"href":"https:\/\/www.vaticano.com\/es\/wp-json\/wp\/v2\/media\/16347"}],"wp:attachment":[{"href":"https:\/\/www.vaticano.com\/es\/wp-json\/wp\/v2\/media?parent=16393"}],"wp:term":[{"taxonomy":"category","embeddable":true,"href":"https:\/\/www.vaticano.com\/es\/wp-json\/wp\/v2\/categories?post=16393"},{"taxonomy":"post_tag","embeddable":true,"href":"https:\/\/www.vaticano.com\/es\/wp-json\/wp\/v2\/tags?post=16393"}],"curies":[{"name":"wp","href":"https:\/\/api.w.org\/{rel}","templated":true}]}}