{"id":16405,"date":"2026-08-25T03:15:02","date_gmt":"2026-08-25T01:15:02","guid":{"rendered":"https:\/\/www.vaticano.com\/stabat-mater-il-dolore-universale-della-madre-ai-piedi-della-croce\/"},"modified":"2026-08-28T12:43:37","modified_gmt":"2026-08-28T10:43:37","slug":"stabat-mater-el-dolor-universal-de-la-madre-a-los-pies-de-la-cruz","status":"publish","type":"post","link":"https:\/\/www.vaticano.com\/es\/stabat-mater-el-dolor-universal-de-la-madre-a-los-pies-de-la-cruz\/","title":{"rendered":"Stabat Mater: El Dolor Universal de la Madre a los Pies de la Cruz"},"content":{"rendered":"\n<h1>Stabat Mater (Himno del Viernes Santo) &#8211; Jacopone da Todi<\/h1><blockquote style=\"background: #FFFDF9;border-left: 4px solid #CF9D14;padding: 25px;margin: 25px 0;font-style: italic;font-size: 1.25rem;line-height: 1.8;color: #2d3748;border-radius: 0 8px 8px 0\">Stabat Mater dolorosa<br>juxta crucem lacrimosa,<br>dum pendebat Filius.<br><br>Cuius animam gementem,<br>contristatam et dolentem<br>pertransivit gladius.<br><br>O quam tristis et afflicta<br>fuit illa benedicta<br>mater Unigeniti!<br><br>Quae maerebat et dolebat,<br>pia mater, dum videbat<br>nati poenas inclyti.<\/blockquote><p>El <em>Stabat Mater<\/em> es una de las obras maestras absolutas de la poes\u00eda m\u00edstica y lit\u00fargica cristiana, un himno que durante siglos ha acompa\u00f1ado la meditaci\u00f3n de los fieles durante la Semana Santa, en particular en la memoria de la Virgen de los Dolores y a lo largo de las estaciones del V\u00eda Crucis. El texto se abre con la potente imagen de la Madre de pie, traspasada por el dolor, en un silencio cargado de angustia, bajo el madero de la cruz donde pende el Hijo moribundo.<\/p><p>Desde el punto de vista hist\u00f3rico, la autor\u00eda de esta extraordinaria composici\u00f3n est\u00e1 vinculada tradicionalmente a la figura de Jacopone da Todi (1236-1306), insigne poeta franciscano y fraile menor, conocido por su fervor espiritual y su radicalidad evang\u00e9lica. Sin embargo, a lo largo de los siglos, la cr\u00edtica acad\u00e9mica ha planteado hip\u00f3tesis alternativas, atribuy\u00e9ndolo a veces al papa Inocencio III o a San Buenaventura. A pesar de las incertidumbres sobre su paternidad literaria, el texto refleja plenamente la sensibilidad religiosa del siglo XIII, fuertemente influenciada por la espiritualidad franciscana que situaba en el centro de la contemplaci\u00f3n la humanidad sufriente de Cristo y la compasi\u00f3n de la Virgen.<\/p><p>Teol\u00f3gicamente, el <em>Stabat Mater<\/em> explora el concepto profundo de la <em>compassio<\/em>: Mar\u00eda no es solo una espectadora pasiva del sacrificio redentor, sino que participa \u00edntimamente en \u00e9l con el coraz\u00f3n (\u00abpertransivit gladius\u00bb, la espada atraves\u00f3 su alma, seg\u00fan la profec\u00eda de Sime\u00f3n). Este himno ha logrado elevar el dolor humano a una dimensi\u00f3n universal y salv\u00edfica, ofreciendo a generaciones de creyentes una voz para expresar su cercan\u00eda al misterio de la cruz. Su belleza formal, caracterizada por rimas penetrantes y un ritmo cadencioso, ha inspirado adem\u00e1s a lo largo de los siglos inmensos trabajos de la m\u00fasica sacra firmados por autores de la talla de Pergolesi, Rossini y Verdi.<\/p>\n","protected":false},"excerpt":{"rendered":"<p>Un an\u00e1lisis teol\u00f3gico e hist\u00f3rico del Stabat Mater, el c\u00e9lebre himno medieval atribuido a Jacopone da Todi, que medita sobre el dolor de la Virgen Mar\u00eda a los pies de la cruz.<\/p>\n","protected":false},"author":43,"featured_media":16355,"comment_status":"open","ping_status":"open","sticky":false,"template":"","format":"standard","meta":{"footnotes":""},"categories":[4918,4819],"tags":[],"class_list":["post-16405","post","type-post","status-publish","format-standard","has-post-thumbnail","hentry","category-grandes-himnos-canticos-y-oraciones-liturgicas","category-oraciones"],"blocksy_meta":[],"yoast_head":"<!-- This site is optimized with the Yoast SEO plugin v28.4 - https:\/\/yoast.com\/product\/yoast-seo-wordpress\/ -->\n<title>Stabat Mater: El Dolor Universal de la Madre a los Pies de la Cruz - Vaticano.com<\/title>\n<meta name=\"robots\" content=\"index, follow, max-snippet:-1, max-image-preview:large, max-video-preview:-1\" \/>\n<link rel=\"canonical\" href=\"https:\/\/www.vaticano.com\/es\/stabat-mater-el-dolor-universal-de-la-madre-a-los-pies-de-la-cruz\/\" \/>\n<meta property=\"og:locale\" content=\"es_ES\" \/>\n<meta property=\"og:type\" content=\"article\" \/>\n<meta property=\"og:title\" content=\"Stabat Mater: El Dolor Universal de la Madre a los Pies de la Cruz - Vaticano.com\" \/>\n<meta property=\"og:description\" content=\"Un an\u00e1lisis teol\u00f3gico e hist\u00f3rico del Stabat Mater, el c\u00e9lebre himno medieval atribuido a Jacopone da Todi, que medita sobre el dolor de la Virgen Mar\u00eda a los pies de la cruz.\" \/>\n<meta property=\"og:url\" content=\"https:\/\/www.vaticano.com\/es\/stabat-mater-el-dolor-universal-de-la-madre-a-los-pies-de-la-cruz\/\" \/>\n<meta property=\"og:site_name\" content=\"Vaticano.com\" \/>\n<meta property=\"article:published_time\" content=\"2026-08-25T01:15:02+00:00\" \/>\n<meta property=\"article:modified_time\" content=\"2026-08-28T10:43:37+00:00\" \/>\n<meta property=\"og:image\" content=\"https:\/\/www.vaticano.com\/wp-content\/uploads\/2026\/08\/preghiera_37_1787578505.jpg\" \/>\n\t<meta property=\"og:image:width\" content=\"1500\" \/>\n\t<meta property=\"og:image:height\" content=\"1500\" \/>\n\t<meta property=\"og:image:type\" content=\"image\/jpeg\" \/>\n<meta name=\"author\" content=\"Padre Bernardo\" \/>\n<meta name=\"twitter:card\" content=\"summary_large_image\" \/>\n<meta name=\"twitter:label1\" content=\"Escrito por\" \/>\n\t<meta name=\"twitter:data1\" content=\"Padre Bernardo\" \/>\n\t<meta name=\"twitter:label2\" content=\"Tiempo de lectura\" \/>\n\t<meta name=\"twitter:data2\" content=\"2 minutos\" \/>\n<script type=\"application\/ld+json\" class=\"yoast-schema-graph\">{\"@context\":\"https:\\\/\\\/schema.org\",\"@graph\":[{\"@type\":\"Article\",\"@id\":\"https:\\\/\\\/www.vaticano.com\\\/es\\\/stabat-mater-el-dolor-universal-de-la-madre-a-los-pies-de-la-cruz\\\/#article\",\"isPartOf\":{\"@id\":\"https:\\\/\\\/www.vaticano.com\\\/es\\\/stabat-mater-el-dolor-universal-de-la-madre-a-los-pies-de-la-cruz\\\/\"},\"author\":{\"name\":\"Padre Bernardo\",\"@id\":\"https:\\\/\\\/www.vaticano.com\\\/#\\\/schema\\\/person\\\/5e19ba52fdb505adeb6b55fe216cce3b\"},\"headline\":\"Stabat Mater: El Dolor Universal de la Madre a los Pies de la Cruz\",\"datePublished\":\"2026-08-25T01:15:02+00:00\",\"dateModified\":\"2026-08-28T10:43:37+00:00\",\"mainEntityOfPage\":{\"@id\":\"https:\\\/\\\/www.vaticano.com\\\/es\\\/stabat-mater-el-dolor-universal-de-la-madre-a-los-pies-de-la-cruz\\\/\"},\"wordCount\":389,\"commentCount\":0,\"publisher\":{\"@id\":\"https:\\\/\\\/www.vaticano.com\\\/#organization\"},\"image\":{\"@id\":\"https:\\\/\\\/www.vaticano.com\\\/es\\\/stabat-mater-el-dolor-universal-de-la-madre-a-los-pies-de-la-cruz\\\/#primaryimage\"},\"thumbnailUrl\":\"https:\\\/\\\/www.vaticano.com\\\/wp-content\\\/uploads\\\/2026\\\/08\\\/preghiera_37_1787578505.jpg\",\"articleSection\":[\"Grandes Himnos, C\u00e1nticos y Oraciones Lit\u00fargicas\",\"Oraciones\"],\"inLanguage\":\"es\",\"potentialAction\":[{\"@type\":\"CommentAction\",\"name\":\"Comment\",\"target\":[\"https:\\\/\\\/www.vaticano.com\\\/es\\\/stabat-mater-el-dolor-universal-de-la-madre-a-los-pies-de-la-cruz\\\/#respond\"]}]},{\"@type\":\"WebPage\",\"@id\":\"https:\\\/\\\/www.vaticano.com\\\/es\\\/stabat-mater-el-dolor-universal-de-la-madre-a-los-pies-de-la-cruz\\\/\",\"url\":\"https:\\\/\\\/www.vaticano.com\\\/es\\\/stabat-mater-el-dolor-universal-de-la-madre-a-los-pies-de-la-cruz\\\/\",\"name\":\"Stabat Mater: El Dolor Universal de la Madre a los Pies de la Cruz - Vaticano.com\",\"isPartOf\":{\"@id\":\"https:\\\/\\\/www.vaticano.com\\\/#website\"},\"primaryImageOfPage\":{\"@id\":\"https:\\\/\\\/www.vaticano.com\\\/es\\\/stabat-mater-el-dolor-universal-de-la-madre-a-los-pies-de-la-cruz\\\/#primaryimage\"},\"image\":{\"@id\":\"https:\\\/\\\/www.vaticano.com\\\/es\\\/stabat-mater-el-dolor-universal-de-la-madre-a-los-pies-de-la-cruz\\\/#primaryimage\"},\"thumbnailUrl\":\"https:\\\/\\\/www.vaticano.com\\\/wp-content\\\/uploads\\\/2026\\\/08\\\/preghiera_37_1787578505.jpg\",\"datePublished\":\"2026-08-25T01:15:02+00:00\",\"dateModified\":\"2026-08-28T10:43:37+00:00\",\"breadcrumb\":{\"@id\":\"https:\\\/\\\/www.vaticano.com\\\/es\\\/stabat-mater-el-dolor-universal-de-la-madre-a-los-pies-de-la-cruz\\\/#breadcrumb\"},\"inLanguage\":\"es\",\"potentialAction\":[{\"@type\":\"ReadAction\",\"target\":[\"https:\\\/\\\/www.vaticano.com\\\/es\\\/stabat-mater-el-dolor-universal-de-la-madre-a-los-pies-de-la-cruz\\\/\"]}]},{\"@type\":\"ImageObject\",\"inLanguage\":\"es\",\"@id\":\"https:\\\/\\\/www.vaticano.com\\\/es\\\/stabat-mater-el-dolor-universal-de-la-madre-a-los-pies-de-la-cruz\\\/#primaryimage\",\"url\":\"https:\\\/\\\/www.vaticano.com\\\/wp-content\\\/uploads\\\/2026\\\/08\\\/preghiera_37_1787578505.jpg\",\"contentUrl\":\"https:\\\/\\\/www.vaticano.com\\\/wp-content\\\/uploads\\\/2026\\\/08\\\/preghiera_37_1787578505.jpg\",\"width\":1500,\"height\":1500},{\"@type\":\"BreadcrumbList\",\"@id\":\"https:\\\/\\\/www.vaticano.com\\\/es\\\/stabat-mater-el-dolor-universal-de-la-madre-a-los-pies-de-la-cruz\\\/#breadcrumb\",\"itemListElement\":[{\"@type\":\"ListItem\",\"position\":1,\"name\":\"Home\",\"item\":\"https:\\\/\\\/www.vaticano.com\\\/es\\\/vaticano-com-religious-tourism-shrines-news\\\/\"},{\"@type\":\"ListItem\",\"position\":2,\"name\":\"Stabat Mater: El Dolor Universal de la Madre a los Pies de la Cruz\"}]},{\"@type\":\"WebSite\",\"@id\":\"https:\\\/\\\/www.vaticano.com\\\/#website\",\"url\":\"https:\\\/\\\/www.vaticano.com\\\/\",\"name\":\"Vaticano.com\",\"description\":\"Turismo Religioso, Santuari, Notizie dal mondo cattolico\",\"publisher\":{\"@id\":\"https:\\\/\\\/www.vaticano.com\\\/#organization\"},\"potentialAction\":[{\"@type\":\"SearchAction\",\"target\":{\"@type\":\"EntryPoint\",\"urlTemplate\":\"https:\\\/\\\/www.vaticano.com\\\/?s={search_term_string}\"},\"query-input\":{\"@type\":\"PropertyValueSpecification\",\"valueRequired\":true,\"valueName\":\"search_term_string\"}}],\"inLanguage\":\"es\"},{\"@type\":\"Organization\",\"@id\":\"https:\\\/\\\/www.vaticano.com\\\/#organization\",\"name\":\"Vaticano.com\",\"url\":\"https:\\\/\\\/www.vaticano.com\\\/\",\"logo\":{\"@type\":\"ImageObject\",\"inLanguage\":\"es\",\"@id\":\"https:\\\/\\\/www.vaticano.com\\\/#\\\/schema\\\/logo\\\/image\\\/\",\"url\":\"https:\\\/\\\/www.vaticano.com\\\/wp-content\\\/uploads\\\/2026\\\/05\\\/vaticano-1.png\",\"contentUrl\":\"https:\\\/\\\/www.vaticano.com\\\/wp-content\\\/uploads\\\/2026\\\/05\\\/vaticano-1.png\",\"width\":600,\"height\":150,\"caption\":\"Vaticano.com\"},\"image\":{\"@id\":\"https:\\\/\\\/www.vaticano.com\\\/#\\\/schema\\\/logo\\\/image\\\/\"}},{\"@type\":\"Person\",\"@id\":\"https:\\\/\\\/www.vaticano.com\\\/#\\\/schema\\\/person\\\/5e19ba52fdb505adeb6b55fe216cce3b\",\"name\":\"Padre Bernardo\",\"description\":\"Frate Minore Francescano, teologo e custode della tradizione liturgica. Dedica la sua vita alla preghiera contemplativa e allo studio delle vite dei Santi. Attraverso le sue riflessioni, guida i fedeli alla riscoperta delle radici pi\u00f9 profonde della devozione cattolica e delle grandi suppliche della tradizione ecclesiale, unendo l'umilt\u00e0 francescana al rigore dottrinale.\",\"url\":\"https:\\\/\\\/www.vaticano.com\\\/es\\\/author\\\/padrebernardo\\\/\"}]}<\/script>\n<!-- \/ Yoast SEO plugin. -->","yoast_head_json":{"title":"Stabat Mater: El Dolor Universal de la Madre a los Pies de la Cruz - Vaticano.com","robots":{"index":"index","follow":"follow","max-snippet":"max-snippet:-1","max-image-preview":"max-image-preview:large","max-video-preview":"max-video-preview:-1"},"canonical":"https:\/\/www.vaticano.com\/es\/stabat-mater-el-dolor-universal-de-la-madre-a-los-pies-de-la-cruz\/","og_locale":"es_ES","og_type":"article","og_title":"Stabat Mater: El Dolor Universal de la Madre a los Pies de la Cruz - Vaticano.com","og_description":"Un an\u00e1lisis teol\u00f3gico e hist\u00f3rico del Stabat Mater, el c\u00e9lebre himno medieval atribuido a Jacopone da Todi, que medita sobre el dolor de la Virgen Mar\u00eda a los pies de la cruz.","og_url":"https:\/\/www.vaticano.com\/es\/stabat-mater-el-dolor-universal-de-la-madre-a-los-pies-de-la-cruz\/","og_site_name":"Vaticano.com","article_published_time":"2026-08-25T01:15:02+00:00","article_modified_time":"2026-08-28T10:43:37+00:00","og_image":[{"width":1500,"height":1500,"url":"https:\/\/www.vaticano.com\/wp-content\/uploads\/2026\/08\/preghiera_37_1787578505.jpg","type":"image\/jpeg"}],"author":"Padre Bernardo","twitter_card":"summary_large_image","twitter_misc":{"Escrito por":"Padre Bernardo","Tiempo de lectura":"2 minutos"},"schema":{"@context":"https:\/\/schema.org","@graph":[{"@type":"Article","@id":"https:\/\/www.vaticano.com\/es\/stabat-mater-el-dolor-universal-de-la-madre-a-los-pies-de-la-cruz\/#article","isPartOf":{"@id":"https:\/\/www.vaticano.com\/es\/stabat-mater-el-dolor-universal-de-la-madre-a-los-pies-de-la-cruz\/"},"author":{"name":"Padre Bernardo","@id":"https:\/\/www.vaticano.com\/#\/schema\/person\/5e19ba52fdb505adeb6b55fe216cce3b"},"headline":"Stabat Mater: El Dolor Universal de la Madre a los Pies de la Cruz","datePublished":"2026-08-25T01:15:02+00:00","dateModified":"2026-08-28T10:43:37+00:00","mainEntityOfPage":{"@id":"https:\/\/www.vaticano.com\/es\/stabat-mater-el-dolor-universal-de-la-madre-a-los-pies-de-la-cruz\/"},"wordCount":389,"commentCount":0,"publisher":{"@id":"https:\/\/www.vaticano.com\/#organization"},"image":{"@id":"https:\/\/www.vaticano.com\/es\/stabat-mater-el-dolor-universal-de-la-madre-a-los-pies-de-la-cruz\/#primaryimage"},"thumbnailUrl":"https:\/\/www.vaticano.com\/wp-content\/uploads\/2026\/08\/preghiera_37_1787578505.jpg","articleSection":["Grandes Himnos, C\u00e1nticos y Oraciones Lit\u00fargicas","Oraciones"],"inLanguage":"es","potentialAction":[{"@type":"CommentAction","name":"Comment","target":["https:\/\/www.vaticano.com\/es\/stabat-mater-el-dolor-universal-de-la-madre-a-los-pies-de-la-cruz\/#respond"]}]},{"@type":"WebPage","@id":"https:\/\/www.vaticano.com\/es\/stabat-mater-el-dolor-universal-de-la-madre-a-los-pies-de-la-cruz\/","url":"https:\/\/www.vaticano.com\/es\/stabat-mater-el-dolor-universal-de-la-madre-a-los-pies-de-la-cruz\/","name":"Stabat Mater: El Dolor Universal de la Madre a los Pies de la Cruz - Vaticano.com","isPartOf":{"@id":"https:\/\/www.vaticano.com\/#website"},"primaryImageOfPage":{"@id":"https:\/\/www.vaticano.com\/es\/stabat-mater-el-dolor-universal-de-la-madre-a-los-pies-de-la-cruz\/#primaryimage"},"image":{"@id":"https:\/\/www.vaticano.com\/es\/stabat-mater-el-dolor-universal-de-la-madre-a-los-pies-de-la-cruz\/#primaryimage"},"thumbnailUrl":"https:\/\/www.vaticano.com\/wp-content\/uploads\/2026\/08\/preghiera_37_1787578505.jpg","datePublished":"2026-08-25T01:15:02+00:00","dateModified":"2026-08-28T10:43:37+00:00","breadcrumb":{"@id":"https:\/\/www.vaticano.com\/es\/stabat-mater-el-dolor-universal-de-la-madre-a-los-pies-de-la-cruz\/#breadcrumb"},"inLanguage":"es","potentialAction":[{"@type":"ReadAction","target":["https:\/\/www.vaticano.com\/es\/stabat-mater-el-dolor-universal-de-la-madre-a-los-pies-de-la-cruz\/"]}]},{"@type":"ImageObject","inLanguage":"es","@id":"https:\/\/www.vaticano.com\/es\/stabat-mater-el-dolor-universal-de-la-madre-a-los-pies-de-la-cruz\/#primaryimage","url":"https:\/\/www.vaticano.com\/wp-content\/uploads\/2026\/08\/preghiera_37_1787578505.jpg","contentUrl":"https:\/\/www.vaticano.com\/wp-content\/uploads\/2026\/08\/preghiera_37_1787578505.jpg","width":1500,"height":1500},{"@type":"BreadcrumbList","@id":"https:\/\/www.vaticano.com\/es\/stabat-mater-el-dolor-universal-de-la-madre-a-los-pies-de-la-cruz\/#breadcrumb","itemListElement":[{"@type":"ListItem","position":1,"name":"Home","item":"https:\/\/www.vaticano.com\/es\/vaticano-com-religious-tourism-shrines-news\/"},{"@type":"ListItem","position":2,"name":"Stabat Mater: El Dolor Universal de la Madre a los Pies de la Cruz"}]},{"@type":"WebSite","@id":"https:\/\/www.vaticano.com\/#website","url":"https:\/\/www.vaticano.com\/","name":"Vaticano.com","description":"Turismo Religioso, Santuari, Notizie dal mondo cattolico","publisher":{"@id":"https:\/\/www.vaticano.com\/#organization"},"potentialAction":[{"@type":"SearchAction","target":{"@type":"EntryPoint","urlTemplate":"https:\/\/www.vaticano.com\/?s={search_term_string}"},"query-input":{"@type":"PropertyValueSpecification","valueRequired":true,"valueName":"search_term_string"}}],"inLanguage":"es"},{"@type":"Organization","@id":"https:\/\/www.vaticano.com\/#organization","name":"Vaticano.com","url":"https:\/\/www.vaticano.com\/","logo":{"@type":"ImageObject","inLanguage":"es","@id":"https:\/\/www.vaticano.com\/#\/schema\/logo\/image\/","url":"https:\/\/www.vaticano.com\/wp-content\/uploads\/2026\/05\/vaticano-1.png","contentUrl":"https:\/\/www.vaticano.com\/wp-content\/uploads\/2026\/05\/vaticano-1.png","width":600,"height":150,"caption":"Vaticano.com"},"image":{"@id":"https:\/\/www.vaticano.com\/#\/schema\/logo\/image\/"}},{"@type":"Person","@id":"https:\/\/www.vaticano.com\/#\/schema\/person\/5e19ba52fdb505adeb6b55fe216cce3b","name":"Padre Bernardo","description":"Frate Minore Francescano, teologo e custode della tradizione liturgica. Dedica la sua vita alla preghiera contemplativa e allo studio delle vite dei Santi. Attraverso le sue riflessioni, guida i fedeli alla riscoperta delle radici pi\u00f9 profonde della devozione cattolica e delle grandi suppliche della tradizione ecclesiale, unendo l'umilt\u00e0 francescana al rigore dottrinale.","url":"https:\/\/www.vaticano.com\/es\/author\/padrebernardo\/"}]}},"_links":{"self":[{"href":"https:\/\/www.vaticano.com\/es\/wp-json\/wp\/v2\/posts\/16405","targetHints":{"allow":["GET"]}}],"collection":[{"href":"https:\/\/www.vaticano.com\/es\/wp-json\/wp\/v2\/posts"}],"about":[{"href":"https:\/\/www.vaticano.com\/es\/wp-json\/wp\/v2\/types\/post"}],"author":[{"embeddable":true,"href":"https:\/\/www.vaticano.com\/es\/wp-json\/wp\/v2\/users\/43"}],"replies":[{"embeddable":true,"href":"https:\/\/www.vaticano.com\/es\/wp-json\/wp\/v2\/comments?post=16405"}],"version-history":[{"count":0,"href":"https:\/\/www.vaticano.com\/es\/wp-json\/wp\/v2\/posts\/16405\/revisions"}],"wp:featuredmedia":[{"embeddable":true,"href":"https:\/\/www.vaticano.com\/es\/wp-json\/wp\/v2\/media\/16355"}],"wp:attachment":[{"href":"https:\/\/www.vaticano.com\/es\/wp-json\/wp\/v2\/media?parent=16405"}],"wp:term":[{"taxonomy":"category","embeddable":true,"href":"https:\/\/www.vaticano.com\/es\/wp-json\/wp\/v2\/categories?post=16405"},{"taxonomy":"post_tag","embeddable":true,"href":"https:\/\/www.vaticano.com\/es\/wp-json\/wp\/v2\/tags?post=16405"}],"curies":[{"name":"wp","href":"https:\/\/api.w.org\/{rel}","templated":true}]}}