{"id":16414,"date":"2026-08-26T03:15:02","date_gmt":"2026-08-26T01:15:02","guid":{"rendered":"https:\/\/www.vaticano.com\/la-preghiera-universale-di-papa-clemente-xi-fede-abbandono-e-ritorno-alle-origini\/"},"modified":"2026-08-28T12:44:23","modified_gmt":"2026-08-28T10:44:23","slug":"la-oracion-universal-del-papa-clemente-xi-fe-abandono-y-regreso-a-los-origenes","status":"publish","type":"post","link":"https:\/\/www.vaticano.com\/es\/la-oracion-universal-del-papa-clemente-xi-fe-abandono-y-regreso-a-los-origenes\/","title":{"rendered":"La Oraci\u00f3n Universal del Papa Clemente XI: Fe, Abandono y Regreso a los Or\u00edgenes"},"content":{"rendered":"\n<h1>Oraci\u00f3n Universal del Papa Clemente XI (Se\u00f1or, creo en ti, haz que crea m\u00e1s firmemente)<\/h1><blockquote style=\"background: #FFFDF9;border-left: 4px solid #CF9D14;padding: 25px;margin: 25px 0;font-style: italic;font-size: 1.25rem;line-height: 1.8;color: #2d3748;border-radius: 0 8px 8px 0\">Se\u00f1or, creo en ti, haz que crea m\u00e1s firmemente,<br>espero en ti, haz que espere con mayor seguridad,<br>te amo, haz que te ame con m\u00e1s fervor,<br>me arrepiento de mi pecado, haz que tenga un mayor arrepentimiento.<br><br>Te adoro como mi primer creador,<br>te deseo como mi \u00faltimo fin,<br>te alabo como mi perpetuo benefactor,<br>te invoco como mi propicio defensor.<br><br>Gu\u00edame con tu sabidur\u00eda,<br>estrechame a ti con tu justicia,<br>consu\u00e9lame con tu clemencia,<br>prot\u00e9geme con tu potencia.<br><br>Te ofrezco mis pensamientos, para que est\u00e9n dirigidos a ti,<br>te ofrezco mis palabras, para que hablen de ti,<br>te ofrezco mis obras, para que sean realizadas por ti,<br>te ofrezco mis sufrimientos, para que sean soportados por ti.<br><br>Quiero lo que t\u00fa quieres,<br>lo quiero porque t\u00fa lo quieres,<br>lo quiero como t\u00fa lo quieres,<br>lo quiero hasta que t\u00fa lo quieras.<br><br>Se\u00f1or, te ruego que ilumines mi mente,<br>que inflames mi voluntad,<br>que purifiques mi cuerpo,<br>que santifiques mi alma.<br><br>Haz que llore mis faltas pasadas,<br>que rechace las tentaciones futuras,<br>que corrija los vicios del alma,<br>que cultive las virtudes convenientes.<br><br>Dame, oh Dios bueno, amor por ti,<br>odio por m\u00ed mismo, celo por el pr\u00f3jimo,<br>desprecio por el mundo.<br><br>Haz que sea obediente a mis superiores,<br>providencial con mis inferiores,<br>amigo de mis amigos,<br>envidioso de nadie.<br><br>Haz que guarde la fe,<br>que mantenga la promesa,<br>que conserve la justicia,<br>que sea constante en la paz.<br><br>As\u00edsteme con tu gracia para que me convierta en un penitente sincero,<br>cristiano fervoroso,<br>santo sacerdote,<br>y llegue finalmente a tu gloria. Am\u00e9n.<\/blockquote><p>La Oraci\u00f3n Universal del Papa Clemente XI representa una de las cumbres de la espiritualidad cat\u00f3lica moderna, uniendo en un solo texto la profundidad de la teolog\u00eda dogm\u00e1tica y la inmediatez de la devoci\u00f3n popular. Compuesta entre finales del siglo XVII y principios del XVIII por Giovanni Francesco Albani, quien ascendi\u00f3 al trono pontificio en 1700 con el nombre de Clemente XI, esta oraci\u00f3n ha llegado hasta nosotros como un verdadero compendio de la vida cristiana. Escrita originalmente en lat\u00edn (conocida como el *Credo* de Clemente XI), fue concebida no como un texto lit\u00fargico oficial, sino como una herramienta de oraci\u00f3n diaria y meditaci\u00f3n personal, capaz de adaptarse tanto al recogimiento en los monasterios como a la sencillez de la vida rural y dom\u00e9stica.<\/p><p>Desde el punto de vista teol\u00f3gico, el texto se desarrolla como un camino ascensional del alma hacia Dios, estructurado en torno a las virtudes teologales y cardinales. La primera estrofa evoca inmediatamente las virtudes de fe, esperanza y caridad, pidiendo no solo el don de poseerlas, sino verlas acrecentadas en un crescendo de intensidad espiritual (*\u00bbhaz que crea m\u00e1s firmemente\u00bb*). Este planteamiento refleja el clima cultural y religioso de la Europa postridentina, fuertemente comprometida en fortalecer los cimientos de la fe frente a las derivas doctrinales de la \u00e9poca, sin perder de vista, no obstante, la dimensi\u00f3n \u00edntima y afectiva de la relaci\u00f3n con el Creador.<\/p><p>A lo largo de los siglos, la oraci\u00f3n ha trascendido los l\u00edmites de las grandes bas\u00edlicas para arraigarse profundamente en la piedad popular y en las comunidades rurales. Traducida a innumerables idiomas y dialectos, a menudo se inclu\u00eda en los peque\u00f1os devocionarios que los campesinos y artesanos llevaban consigo a los campos o a los talleres. Su fuerza reside en la capacidad de ofrecer palabras precisas para cada aspecto de la existencia humana: desde el ofrecimiento de los pensamientos y sufrimientos hasta el prop\u00f3sito de custodiar la justicia y la paz. A\u00fan hoy, redescubrir la oraci\u00f3n de Clemente XI significa sumergirse en una tradici\u00f3n milenaria de total abandono a la voluntad divina, un ejercicio espiritual que mantiene intacta su extraordinaria actualidad para todo creyente que busca autenticidad.<\/p>\n","protected":false},"excerpt":{"rendered":"<p>Un an\u00e1lisis profundo de la Oraci\u00f3n Universal del Papa Clemente XI, que incluye el texto tradicional completo y un ensayo hist\u00f3rico-teol\u00f3gico sobre sus or\u00edgenes y su difusi\u00f3n en la devoci\u00f3n popular.<\/p>\n","protected":false},"author":43,"featured_media":16361,"comment_status":"open","ping_status":"open","sticky":false,"template":"","format":"standard","meta":{"footnotes":""},"categories":[4819,4915],"tags":[],"class_list":["post-16414","post","type-post","status-publish","format-standard","has-post-thumbnail","hentry","category-oraciones","category-oraciones-de-la-devocion-popular-rurales-antiguas-y-de-oficios"],"blocksy_meta":[],"yoast_head":"<!-- This site is optimized with the Yoast SEO plugin v28.4 - https:\/\/yoast.com\/product\/yoast-seo-wordpress\/ -->\n<title>La Oraci\u00f3n Universal del Papa Clemente XI: Fe, Abandono y Regreso a los Or\u00edgenes - Vaticano.com<\/title>\n<meta name=\"robots\" content=\"index, follow, max-snippet:-1, max-image-preview:large, max-video-preview:-1\" \/>\n<link rel=\"canonical\" href=\"https:\/\/www.vaticano.com\/es\/la-oracion-universal-del-papa-clemente-xi-fe-abandono-y-regreso-a-los-origenes\/\" \/>\n<meta property=\"og:locale\" content=\"es_ES\" \/>\n<meta property=\"og:type\" content=\"article\" \/>\n<meta property=\"og:title\" content=\"La Oraci\u00f3n Universal del Papa Clemente XI: Fe, Abandono y Regreso a los Or\u00edgenes - Vaticano.com\" \/>\n<meta property=\"og:description\" content=\"Un an\u00e1lisis profundo de la Oraci\u00f3n Universal del Papa Clemente XI, que incluye el texto tradicional completo y un ensayo hist\u00f3rico-teol\u00f3gico sobre sus or\u00edgenes y su difusi\u00f3n en la devoci\u00f3n popular.\" \/>\n<meta property=\"og:url\" content=\"https:\/\/www.vaticano.com\/es\/la-oracion-universal-del-papa-clemente-xi-fe-abandono-y-regreso-a-los-origenes\/\" \/>\n<meta property=\"og:site_name\" content=\"Vaticano.com\" \/>\n<meta property=\"article:published_time\" content=\"2026-08-26T01:15:02+00:00\" \/>\n<meta property=\"article:modified_time\" content=\"2026-08-28T10:44:23+00:00\" \/>\n<meta property=\"og:image\" content=\"https:\/\/www.vaticano.com\/wp-content\/uploads\/2026\/08\/preghiera_400_1787664907.jpg\" \/>\n\t<meta property=\"og:image:width\" content=\"1500\" \/>\n\t<meta property=\"og:image:height\" content=\"1500\" \/>\n\t<meta property=\"og:image:type\" content=\"image\/jpeg\" \/>\n<meta name=\"author\" content=\"Padre Bernardo\" \/>\n<meta name=\"twitter:card\" content=\"summary_large_image\" \/>\n<meta name=\"twitter:label1\" content=\"Escrito por\" \/>\n\t<meta name=\"twitter:data1\" content=\"Padre Bernardo\" \/>\n\t<meta name=\"twitter:label2\" content=\"Tiempo de lectura\" \/>\n\t<meta name=\"twitter:data2\" content=\"3 minutos\" \/>\n<script type=\"application\/ld+json\" class=\"yoast-schema-graph\">{\"@context\":\"https:\\\/\\\/schema.org\",\"@graph\":[{\"@type\":\"Article\",\"@id\":\"https:\\\/\\\/www.vaticano.com\\\/es\\\/la-oracion-universal-del-papa-clemente-xi-fe-abandono-y-regreso-a-los-origenes\\\/#article\",\"isPartOf\":{\"@id\":\"https:\\\/\\\/www.vaticano.com\\\/es\\\/la-oracion-universal-del-papa-clemente-xi-fe-abandono-y-regreso-a-los-origenes\\\/\"},\"author\":{\"name\":\"Padre Bernardo\",\"@id\":\"https:\\\/\\\/www.vaticano.com\\\/#\\\/schema\\\/person\\\/5e19ba52fdb505adeb6b55fe216cce3b\"},\"headline\":\"La Oraci\u00f3n Universal del Papa Clemente XI: Fe, Abandono y Regreso a los Or\u00edgenes\",\"datePublished\":\"2026-08-26T01:15:02+00:00\",\"dateModified\":\"2026-08-28T10:44:23+00:00\",\"mainEntityOfPage\":{\"@id\":\"https:\\\/\\\/www.vaticano.com\\\/es\\\/la-oracion-universal-del-papa-clemente-xi-fe-abandono-y-regreso-a-los-origenes\\\/\"},\"wordCount\":689,\"commentCount\":0,\"publisher\":{\"@id\":\"https:\\\/\\\/www.vaticano.com\\\/#organization\"},\"image\":{\"@id\":\"https:\\\/\\\/www.vaticano.com\\\/es\\\/la-oracion-universal-del-papa-clemente-xi-fe-abandono-y-regreso-a-los-origenes\\\/#primaryimage\"},\"thumbnailUrl\":\"https:\\\/\\\/www.vaticano.com\\\/wp-content\\\/uploads\\\/2026\\\/08\\\/preghiera_400_1787664907.jpg\",\"articleSection\":[\"Oraciones\",\"Oraciones de la devoci\u00f3n popular, rurales, antiguas y de los oficios\"],\"inLanguage\":\"es\",\"potentialAction\":[{\"@type\":\"CommentAction\",\"name\":\"Comment\",\"target\":[\"https:\\\/\\\/www.vaticano.com\\\/es\\\/la-oracion-universal-del-papa-clemente-xi-fe-abandono-y-regreso-a-los-origenes\\\/#respond\"]}]},{\"@type\":\"WebPage\",\"@id\":\"https:\\\/\\\/www.vaticano.com\\\/es\\\/la-oracion-universal-del-papa-clemente-xi-fe-abandono-y-regreso-a-los-origenes\\\/\",\"url\":\"https:\\\/\\\/www.vaticano.com\\\/es\\\/la-oracion-universal-del-papa-clemente-xi-fe-abandono-y-regreso-a-los-origenes\\\/\",\"name\":\"La Oraci\u00f3n Universal del Papa Clemente XI: Fe, Abandono y Regreso a los Or\u00edgenes - Vaticano.com\",\"isPartOf\":{\"@id\":\"https:\\\/\\\/www.vaticano.com\\\/#website\"},\"primaryImageOfPage\":{\"@id\":\"https:\\\/\\\/www.vaticano.com\\\/es\\\/la-oracion-universal-del-papa-clemente-xi-fe-abandono-y-regreso-a-los-origenes\\\/#primaryimage\"},\"image\":{\"@id\":\"https:\\\/\\\/www.vaticano.com\\\/es\\\/la-oracion-universal-del-papa-clemente-xi-fe-abandono-y-regreso-a-los-origenes\\\/#primaryimage\"},\"thumbnailUrl\":\"https:\\\/\\\/www.vaticano.com\\\/wp-content\\\/uploads\\\/2026\\\/08\\\/preghiera_400_1787664907.jpg\",\"datePublished\":\"2026-08-26T01:15:02+00:00\",\"dateModified\":\"2026-08-28T10:44:23+00:00\",\"breadcrumb\":{\"@id\":\"https:\\\/\\\/www.vaticano.com\\\/es\\\/la-oracion-universal-del-papa-clemente-xi-fe-abandono-y-regreso-a-los-origenes\\\/#breadcrumb\"},\"inLanguage\":\"es\",\"potentialAction\":[{\"@type\":\"ReadAction\",\"target\":[\"https:\\\/\\\/www.vaticano.com\\\/es\\\/la-oracion-universal-del-papa-clemente-xi-fe-abandono-y-regreso-a-los-origenes\\\/\"]}]},{\"@type\":\"ImageObject\",\"inLanguage\":\"es\",\"@id\":\"https:\\\/\\\/www.vaticano.com\\\/es\\\/la-oracion-universal-del-papa-clemente-xi-fe-abandono-y-regreso-a-los-origenes\\\/#primaryimage\",\"url\":\"https:\\\/\\\/www.vaticano.com\\\/wp-content\\\/uploads\\\/2026\\\/08\\\/preghiera_400_1787664907.jpg\",\"contentUrl\":\"https:\\\/\\\/www.vaticano.com\\\/wp-content\\\/uploads\\\/2026\\\/08\\\/preghiera_400_1787664907.jpg\",\"width\":1500,\"height\":1500},{\"@type\":\"BreadcrumbList\",\"@id\":\"https:\\\/\\\/www.vaticano.com\\\/es\\\/la-oracion-universal-del-papa-clemente-xi-fe-abandono-y-regreso-a-los-origenes\\\/#breadcrumb\",\"itemListElement\":[{\"@type\":\"ListItem\",\"position\":1,\"name\":\"Home\",\"item\":\"https:\\\/\\\/www.vaticano.com\\\/es\\\/vaticano-com-religious-tourism-shrines-news\\\/\"},{\"@type\":\"ListItem\",\"position\":2,\"name\":\"La Oraci\u00f3n Universal del Papa Clemente XI: Fe, Abandono y Regreso a los Or\u00edgenes\"}]},{\"@type\":\"WebSite\",\"@id\":\"https:\\\/\\\/www.vaticano.com\\\/#website\",\"url\":\"https:\\\/\\\/www.vaticano.com\\\/\",\"name\":\"Vaticano.com\",\"description\":\"Turismo Religioso, Santuari, Notizie dal mondo cattolico\",\"publisher\":{\"@id\":\"https:\\\/\\\/www.vaticano.com\\\/#organization\"},\"potentialAction\":[{\"@type\":\"SearchAction\",\"target\":{\"@type\":\"EntryPoint\",\"urlTemplate\":\"https:\\\/\\\/www.vaticano.com\\\/?s={search_term_string}\"},\"query-input\":{\"@type\":\"PropertyValueSpecification\",\"valueRequired\":true,\"valueName\":\"search_term_string\"}}],\"inLanguage\":\"es\"},{\"@type\":\"Organization\",\"@id\":\"https:\\\/\\\/www.vaticano.com\\\/#organization\",\"name\":\"Vaticano.com\",\"url\":\"https:\\\/\\\/www.vaticano.com\\\/\",\"logo\":{\"@type\":\"ImageObject\",\"inLanguage\":\"es\",\"@id\":\"https:\\\/\\\/www.vaticano.com\\\/#\\\/schema\\\/logo\\\/image\\\/\",\"url\":\"https:\\\/\\\/www.vaticano.com\\\/wp-content\\\/uploads\\\/2026\\\/05\\\/vaticano-1.png\",\"contentUrl\":\"https:\\\/\\\/www.vaticano.com\\\/wp-content\\\/uploads\\\/2026\\\/05\\\/vaticano-1.png\",\"width\":600,\"height\":150,\"caption\":\"Vaticano.com\"},\"image\":{\"@id\":\"https:\\\/\\\/www.vaticano.com\\\/#\\\/schema\\\/logo\\\/image\\\/\"}},{\"@type\":\"Person\",\"@id\":\"https:\\\/\\\/www.vaticano.com\\\/#\\\/schema\\\/person\\\/5e19ba52fdb505adeb6b55fe216cce3b\",\"name\":\"Padre Bernardo\",\"description\":\"Frate Minore Francescano, teologo e custode della tradizione liturgica. Dedica la sua vita alla preghiera contemplativa e allo studio delle vite dei Santi. Attraverso le sue riflessioni, guida i fedeli alla riscoperta delle radici pi\u00f9 profonde della devozione cattolica e delle grandi suppliche della tradizione ecclesiale, unendo l'umilt\u00e0 francescana al rigore dottrinale.\",\"url\":\"https:\\\/\\\/www.vaticano.com\\\/es\\\/author\\\/padrebernardo\\\/\"}]}<\/script>\n<!-- \/ Yoast SEO plugin. -->","yoast_head_json":{"title":"La Oraci\u00f3n Universal del Papa Clemente XI: Fe, Abandono y Regreso a los Or\u00edgenes - Vaticano.com","robots":{"index":"index","follow":"follow","max-snippet":"max-snippet:-1","max-image-preview":"max-image-preview:large","max-video-preview":"max-video-preview:-1"},"canonical":"https:\/\/www.vaticano.com\/es\/la-oracion-universal-del-papa-clemente-xi-fe-abandono-y-regreso-a-los-origenes\/","og_locale":"es_ES","og_type":"article","og_title":"La Oraci\u00f3n Universal del Papa Clemente XI: Fe, Abandono y Regreso a los Or\u00edgenes - Vaticano.com","og_description":"Un an\u00e1lisis profundo de la Oraci\u00f3n Universal del Papa Clemente XI, que incluye el texto tradicional completo y un ensayo hist\u00f3rico-teol\u00f3gico sobre sus or\u00edgenes y su difusi\u00f3n en la devoci\u00f3n popular.","og_url":"https:\/\/www.vaticano.com\/es\/la-oracion-universal-del-papa-clemente-xi-fe-abandono-y-regreso-a-los-origenes\/","og_site_name":"Vaticano.com","article_published_time":"2026-08-26T01:15:02+00:00","article_modified_time":"2026-08-28T10:44:23+00:00","og_image":[{"width":1500,"height":1500,"url":"https:\/\/www.vaticano.com\/wp-content\/uploads\/2026\/08\/preghiera_400_1787664907.jpg","type":"image\/jpeg"}],"author":"Padre Bernardo","twitter_card":"summary_large_image","twitter_misc":{"Escrito por":"Padre Bernardo","Tiempo de lectura":"3 minutos"},"schema":{"@context":"https:\/\/schema.org","@graph":[{"@type":"Article","@id":"https:\/\/www.vaticano.com\/es\/la-oracion-universal-del-papa-clemente-xi-fe-abandono-y-regreso-a-los-origenes\/#article","isPartOf":{"@id":"https:\/\/www.vaticano.com\/es\/la-oracion-universal-del-papa-clemente-xi-fe-abandono-y-regreso-a-los-origenes\/"},"author":{"name":"Padre Bernardo","@id":"https:\/\/www.vaticano.com\/#\/schema\/person\/5e19ba52fdb505adeb6b55fe216cce3b"},"headline":"La Oraci\u00f3n Universal del Papa Clemente XI: Fe, Abandono y Regreso a los Or\u00edgenes","datePublished":"2026-08-26T01:15:02+00:00","dateModified":"2026-08-28T10:44:23+00:00","mainEntityOfPage":{"@id":"https:\/\/www.vaticano.com\/es\/la-oracion-universal-del-papa-clemente-xi-fe-abandono-y-regreso-a-los-origenes\/"},"wordCount":689,"commentCount":0,"publisher":{"@id":"https:\/\/www.vaticano.com\/#organization"},"image":{"@id":"https:\/\/www.vaticano.com\/es\/la-oracion-universal-del-papa-clemente-xi-fe-abandono-y-regreso-a-los-origenes\/#primaryimage"},"thumbnailUrl":"https:\/\/www.vaticano.com\/wp-content\/uploads\/2026\/08\/preghiera_400_1787664907.jpg","articleSection":["Oraciones","Oraciones de la devoci\u00f3n popular, rurales, antiguas y de los oficios"],"inLanguage":"es","potentialAction":[{"@type":"CommentAction","name":"Comment","target":["https:\/\/www.vaticano.com\/es\/la-oracion-universal-del-papa-clemente-xi-fe-abandono-y-regreso-a-los-origenes\/#respond"]}]},{"@type":"WebPage","@id":"https:\/\/www.vaticano.com\/es\/la-oracion-universal-del-papa-clemente-xi-fe-abandono-y-regreso-a-los-origenes\/","url":"https:\/\/www.vaticano.com\/es\/la-oracion-universal-del-papa-clemente-xi-fe-abandono-y-regreso-a-los-origenes\/","name":"La Oraci\u00f3n Universal del Papa Clemente XI: Fe, Abandono y Regreso a los Or\u00edgenes - Vaticano.com","isPartOf":{"@id":"https:\/\/www.vaticano.com\/#website"},"primaryImageOfPage":{"@id":"https:\/\/www.vaticano.com\/es\/la-oracion-universal-del-papa-clemente-xi-fe-abandono-y-regreso-a-los-origenes\/#primaryimage"},"image":{"@id":"https:\/\/www.vaticano.com\/es\/la-oracion-universal-del-papa-clemente-xi-fe-abandono-y-regreso-a-los-origenes\/#primaryimage"},"thumbnailUrl":"https:\/\/www.vaticano.com\/wp-content\/uploads\/2026\/08\/preghiera_400_1787664907.jpg","datePublished":"2026-08-26T01:15:02+00:00","dateModified":"2026-08-28T10:44:23+00:00","breadcrumb":{"@id":"https:\/\/www.vaticano.com\/es\/la-oracion-universal-del-papa-clemente-xi-fe-abandono-y-regreso-a-los-origenes\/#breadcrumb"},"inLanguage":"es","potentialAction":[{"@type":"ReadAction","target":["https:\/\/www.vaticano.com\/es\/la-oracion-universal-del-papa-clemente-xi-fe-abandono-y-regreso-a-los-origenes\/"]}]},{"@type":"ImageObject","inLanguage":"es","@id":"https:\/\/www.vaticano.com\/es\/la-oracion-universal-del-papa-clemente-xi-fe-abandono-y-regreso-a-los-origenes\/#primaryimage","url":"https:\/\/www.vaticano.com\/wp-content\/uploads\/2026\/08\/preghiera_400_1787664907.jpg","contentUrl":"https:\/\/www.vaticano.com\/wp-content\/uploads\/2026\/08\/preghiera_400_1787664907.jpg","width":1500,"height":1500},{"@type":"BreadcrumbList","@id":"https:\/\/www.vaticano.com\/es\/la-oracion-universal-del-papa-clemente-xi-fe-abandono-y-regreso-a-los-origenes\/#breadcrumb","itemListElement":[{"@type":"ListItem","position":1,"name":"Home","item":"https:\/\/www.vaticano.com\/es\/vaticano-com-religious-tourism-shrines-news\/"},{"@type":"ListItem","position":2,"name":"La Oraci\u00f3n Universal del Papa Clemente XI: Fe, Abandono y Regreso a los Or\u00edgenes"}]},{"@type":"WebSite","@id":"https:\/\/www.vaticano.com\/#website","url":"https:\/\/www.vaticano.com\/","name":"Vaticano.com","description":"Turismo Religioso, Santuari, Notizie dal mondo cattolico","publisher":{"@id":"https:\/\/www.vaticano.com\/#organization"},"potentialAction":[{"@type":"SearchAction","target":{"@type":"EntryPoint","urlTemplate":"https:\/\/www.vaticano.com\/?s={search_term_string}"},"query-input":{"@type":"PropertyValueSpecification","valueRequired":true,"valueName":"search_term_string"}}],"inLanguage":"es"},{"@type":"Organization","@id":"https:\/\/www.vaticano.com\/#organization","name":"Vaticano.com","url":"https:\/\/www.vaticano.com\/","logo":{"@type":"ImageObject","inLanguage":"es","@id":"https:\/\/www.vaticano.com\/#\/schema\/logo\/image\/","url":"https:\/\/www.vaticano.com\/wp-content\/uploads\/2026\/05\/vaticano-1.png","contentUrl":"https:\/\/www.vaticano.com\/wp-content\/uploads\/2026\/05\/vaticano-1.png","width":600,"height":150,"caption":"Vaticano.com"},"image":{"@id":"https:\/\/www.vaticano.com\/#\/schema\/logo\/image\/"}},{"@type":"Person","@id":"https:\/\/www.vaticano.com\/#\/schema\/person\/5e19ba52fdb505adeb6b55fe216cce3b","name":"Padre Bernardo","description":"Frate Minore Francescano, teologo e custode della tradizione liturgica. Dedica la sua vita alla preghiera contemplativa e allo studio delle vite dei Santi. Attraverso le sue riflessioni, guida i fedeli alla riscoperta delle radici pi\u00f9 profonde della devozione cattolica e delle grandi suppliche della tradizione ecclesiale, unendo l'umilt\u00e0 francescana al rigore dottrinale.","url":"https:\/\/www.vaticano.com\/es\/author\/padrebernardo\/"}]}},"_links":{"self":[{"href":"https:\/\/www.vaticano.com\/es\/wp-json\/wp\/v2\/posts\/16414","targetHints":{"allow":["GET"]}}],"collection":[{"href":"https:\/\/www.vaticano.com\/es\/wp-json\/wp\/v2\/posts"}],"about":[{"href":"https:\/\/www.vaticano.com\/es\/wp-json\/wp\/v2\/types\/post"}],"author":[{"embeddable":true,"href":"https:\/\/www.vaticano.com\/es\/wp-json\/wp\/v2\/users\/43"}],"replies":[{"embeddable":true,"href":"https:\/\/www.vaticano.com\/es\/wp-json\/wp\/v2\/comments?post=16414"}],"version-history":[{"count":0,"href":"https:\/\/www.vaticano.com\/es\/wp-json\/wp\/v2\/posts\/16414\/revisions"}],"wp:featuredmedia":[{"embeddable":true,"href":"https:\/\/www.vaticano.com\/es\/wp-json\/wp\/v2\/media\/16361"}],"wp:attachment":[{"href":"https:\/\/www.vaticano.com\/es\/wp-json\/wp\/v2\/media?parent=16414"}],"wp:term":[{"taxonomy":"category","embeddable":true,"href":"https:\/\/www.vaticano.com\/es\/wp-json\/wp\/v2\/categories?post=16414"},{"taxonomy":"post_tag","embeddable":true,"href":"https:\/\/www.vaticano.com\/es\/wp-json\/wp\/v2\/tags?post=16414"}],"curies":[{"name":"wp","href":"https:\/\/api.w.org\/{rel}","templated":true}]}}