{"id":4669,"date":"2015-10-23T12:22:46","date_gmt":"2015-10-23T10:22:46","guid":{"rendered":"http:\/\/www.vaticano.com\/es\/?p=4669"},"modified":"2019-04-27T17:59:00","modified_gmt":"2019-04-27T15:59:00","slug":"como-participar-a-la-audiencia-papal","status":"publish","type":"post","link":"https:\/\/www.vaticano.com\/es\/como-participar-a-la-audiencia-papal\/","title":{"rendered":"\u00bfC\u00f3mo participar a la audiencia Papal?"},"content":{"rendered":"\n<p>Las audiencias Papales no son celebraciones religiosas, sino momentos dedicados a los fieles y pelegrinos, en los que pueden encontrar y escuchar a Papa Francisco y recibir la bendici\u00f3n apost\u00f3lica.<\/p>\n\n\n\n<h2 class=\"wp-block-heading\"><strong>\u00bfD\u00f3nde y c\u00f3mo se realiza?<\/strong><\/h2>\n\n\n\n<p>La audiencia papal se realiza <strong>cada mi\u00e9rcoles<\/strong> en la <strong>Plaza San Pietro<\/strong> o en la <strong>Sala de Audiencia Paolo VI, conocida tambi\u00e9n como Sala Nervi<\/strong>.<\/p>\n\n\n\n<p>Las Audiencias comienzan al rededor de las <strong>10.30 hs<\/strong>. de la ma\u00f1ana y, si es posible, el Pont\u00edfice ama pasar entre los  fieles. Papa Francisco da la vuelta dentro de la plaza San Pietro con el papamobil partiendo desde el Arco de las Campanas. Durante el recorrido realiza muchas paradas para saludar y abrazar a las personas presentes.<\/p>\n\n\n\n<p>Durante la audiencia el Papa saluda en diferentes idiomas a todos los grupos de fieles.<\/p>\n\n\n\n<p><strong>La audiencia dura al rededor de 1 hora y media y es necesario reservar entradas.<\/strong><\/p>\n\n\n\n<p>Las <strong>entradas son<\/strong> <strong>gratis <\/strong>y al mismo tiempo indispensables, debido a una exigencia organizativa y para garantizar la seguridad de los participantes.<\/p>\n\n\n\n<h2 class=\"wp-block-heading\"><strong>\u00bfC\u00f3mo reservar entradas?<\/strong><\/h2>\n\n\n\n<p>Para solicitar las entradas para aprticipar a las Audiencias de Papa Francisco es obligatorio escribir a:<\/p>\n\n\n\n<p><em>Prefettura della Casa Pontificia<br>00120 Citt\u00e0 del Vaticano<\/em><\/p>\n\n\n\n<p>Usando el formulario especial de  solicitud (<a href=\"http:\/\/www.vatican.va\/various\/prefettura\/sp\/biglietti_sp.html\">Haz clic aqu\u00ed para el formulario<\/a>) e indicando:<\/p>\n\n\n\n<ul class=\"wp-block-list\"><li>Fecha de la Audiencia General<\/li><li>N\u00famero de entradas solicitadas<\/li><li>Nombre\/Grupo<\/li><li>Direcci\u00f3n de correo<\/li><li>Tel\u00e9fono y fax<\/li><\/ul>\n\n\n\n<p>El formulario puede ser enviado por medio <strong>de correo ordinario a la direcci\u00f3n<\/strong> de la <strong>Prefectura de la Casa Pontificia<\/strong> o por <strong>fax al +39 06.69885863<\/strong>.<\/p>\n\n\n\n<p>La Prefectura enviar\u00e1 una comunicaci\u00f3n respondiendo por escrito s\u00f3lo a aquellos que residan fuera de Roma por fax o correo normal.<\/p>\n\n\n\n<p>Para m\u00e1s informaci\u00f3n contactar a la Prefectura de la Casa Pontificia al n\u00famero +39 06.69883114 (lunes-viernes 08.30-13.30).<\/p>\n\n\n\n<p>Las entradas se podr\u00e1n retirar en las oficinas demarcadas en la antesala del aula Paolo VI, en la plaza del Santo Oficio de las 15.00 a las19.00 del d\u00eda anterior o la misma ma\u00f1ana de la audiencia de las 7.00 a las 10.00.<\/p>\n\n\n\n<p>Se aconseja reservar las entradas con antelaci\u00f3n.<\/p>\n\n\n\n<h2 class=\"wp-block-heading\"><strong>Informaciones pr\u00e1cticas<\/strong><\/h2>\n\n\n\n<p>Para entrar en el Aula Paolo VI en el Vaticano y en la Plaza San Pietro hay que pasar un <strong>control de seguridad<\/strong> que lleva mucho tiempo.<\/p>\n\n\n\n<p>Cuando la audiencia papal tiene lugar en la plaza San Pietro, hay que <strong>pasar el control de seguridad a la altura de los p\u00f3rticos en ambos lados de la plaza.<\/strong><\/p>\n\n\n\n<p>Cuando tiene lugar en la sala Paolo VI es aconsejable llegar al rededor de 2 horas antes que empiece la audiencia, para asegurarse de obtener un asiento ( al rededor de 6.000)<\/p>\n\n\n\n<p>Se presta particular atenci\u00f3n a los <strong>ancianos<\/strong>, a las <strong>personas minus-v\u00e1lidas, <\/strong>como tambi\u00e9n  a <strong>las parejas que tengan menos de dos meses de casados, y los mismos ser\u00e1n acompa\u00f1ados hacia \u00e1reas especiales cerca de Papa Francisco.<\/strong><\/p>\n\n\n\n<p>Otro aspecto concierne la vestimenta, que tiene que ser respetuosa, los hombros tienen que estar cubiertos, y los pantalones y faldas a la altura de la rodilla, si no se usa una vestimenta apta, es posible que la seguridad proceda con la expulsi\u00f3n sin poder asistir al evento.<\/p>\n\n\n\n<p>El 26 de agosto de 2015 Papa Francisco di\u00f3 en la plaza San Pietro su audiencia n\u00famero 100 desde el inicio de su Pontificado.<\/p>\n\n\n\n<p>Se puede <strong>encontrar a el Papa<\/strong> tambi\u00e9n durante<strong>  El Angelus en la Plaza San Pietro<\/strong>, <strong>cada domingo<\/strong> y en esta ocaci\u00f3n el acceso es libre sin necesidad de obtener ninguna entrada.<\/p>\n\n\n\n<p>Aqu\u00ed pueden encontrar fichas con los nombres de las estructuras que pueden contactar directamente para <strong>organizar de la mejor manera vuestra permanencia en Roma o en la provincia.<\/strong><\/p>\n","protected":false},"excerpt":{"rendered":"<p>Las audiencias Papales no son celebraciones religiosas, sino momentos dedicados a los fieles y pelegrinos, en los que pueden encontrar&#8230;<\/p>\n","protected":false},"author":6,"featured_media":4671,"comment_status":"closed","ping_status":"open","sticky":false,"template":"","format":"standard","meta":{"footnotes":""},"categories":[176],"tags":[],"class_list":["post-4669","post","type-post","status-publish","format-standard","has-post-thumbnail","hentry","category-noticias"],"_links":{"self":[{"href":"https:\/\/www.vaticano.com\/es\/wp-json\/wp\/v2\/posts\/4669"}],"collection":[{"href":"https:\/\/www.vaticano.com\/es\/wp-json\/wp\/v2\/posts"}],"about":[{"href":"https:\/\/www.vaticano.com\/es\/wp-json\/wp\/v2\/types\/post"}],"author":[{"embeddable":true,"href":"https:\/\/www.vaticano.com\/es\/wp-json\/wp\/v2\/users\/6"}],"replies":[{"embeddable":true,"href":"https:\/\/www.vaticano.com\/es\/wp-json\/wp\/v2\/comments?post=4669"}],"version-history":[{"count":0,"href":"https:\/\/www.vaticano.com\/es\/wp-json\/wp\/v2\/posts\/4669\/revisions"}],"wp:featuredmedia":[{"embeddable":true,"href":"https:\/\/www.vaticano.com\/es\/wp-json\/wp\/v2\/media\/4671"}],"wp:attachment":[{"href":"https:\/\/www.vaticano.com\/es\/wp-json\/wp\/v2\/media?parent=4669"}],"wp:term":[{"taxonomy":"category","embeddable":true,"href":"https:\/\/www.vaticano.com\/es\/wp-json\/wp\/v2\/categories?post=4669"},{"taxonomy":"post_tag","embeddable":true,"href":"https:\/\/www.vaticano.com\/es\/wp-json\/wp\/v2\/tags?post=4669"}],"curies":[{"name":"wp","href":"https:\/\/api.w.org\/{rel}","templated":true}]}}