{"id":4672,"date":"2016-01-28T13:18:05","date_gmt":"2016-01-28T12:18:05","guid":{"rendered":"http:\/\/www.vaticano.com\/?p=4672"},"modified":"2019-04-06T13:23:09","modified_gmt":"2019-04-06T11:23:09","slug":"y-escribir-a-papa-francisco","status":"publish","type":"post","link":"https:\/\/www.vaticano.com\/es\/y-escribir-a-papa-francisco\/","title":{"rendered":"y escribir a Papa Francisco"},"content":{"rendered":"\n<p>\nPara\ntodos aquellos que quisieran escribir al Pont\u00edfice, la direcci\u00f3n de\ncorreo de Papa Francisco es:<\/p>\n\n\n\n<p> <strong>Sua Santit\u00e0 Francesco<\/strong><br> <strong>00120 Citt\u00e0 del Vaticano<\/strong><\/p>\n\n\n\n<p><em>Papa Francisco no posee una direcci\u00f3n de correo electr\u00f3nico p\u00fablica, el \u00fanico medio para contactar el Santo padre es el correo tradicional.<\/em><\/p>\n\n\n\n<p>Miles son los mensajes, las cartas, los paquetes que a diario se dirigen a Papa Francisco desde todas las partes del mundo<\/p>\n\n\n\n<p>Responsable de las Oficinas de correspondencia del Papa, situadas en el Palacio Apost\u00f3lico, es Mons. Giuliano Gallorini que clasifica las cartas enviadas a Papa Bergoglio junto a un equipo formado por Sor Anna y dos se\u00f1oras laicas.<\/p>\n\n\n\n<p>La primera actividad, explica mons.Gallaroni es dividir las cartas seg\u00fan el idioma, despu\u00e9s los sobres se abren y se lee el contenido. Se le da una respuesta por cada carta recibida, mientras los casos m\u00e1s complicados, los casos de conciencia se otorgan a los secretarios del Pont\u00edfice para que responda el mismo Papa Francisco, o mejor dicho para que \u00e9l dea indicaciones para la respuesta.<\/p>\n\n\n\n<p>Por lo tanto, no todas las cartas enviadas al Pont\u00edfice son por \u00e9l le\u00eddas, sino que la oficina de correspondencia se hace cargo de condividir el sufrimiento de cada persona que escribe a Bergoglio respondiendo con el estilo y con las palabras del Pont\u00edfice, sometiendo al mismo los casos m\u00e1s graves.<\/p>\n\n\n\n<p><strong>NOTA:<\/strong> Los comentarios que se har\u00e1n a este art\u00edculo no ser\u00e1n dirigidos al Pont\u00edfice; la \u00fanica manera de contactar a Su Santidad es la anteriormente mencionada.<\/p>\n","protected":false},"excerpt":{"rendered":"<p>Para todos aquellos que quisieran escribir al Pont\u00edfice, la direcci\u00f3n de correo de Papa Francisco es: Sua Santit\u00e0 Francesco 00120&#8230;<\/p>\n","protected":false},"author":6,"featured_media":4673,"comment_status":"closed","ping_status":"open","sticky":false,"template":"","format":"standard","meta":{"footnotes":""},"categories":[176],"tags":[],"class_list":["post-4672","post","type-post","status-publish","format-standard","has-post-thumbnail","hentry","category-noticias"],"_links":{"self":[{"href":"https:\/\/www.vaticano.com\/es\/wp-json\/wp\/v2\/posts\/4672"}],"collection":[{"href":"https:\/\/www.vaticano.com\/es\/wp-json\/wp\/v2\/posts"}],"about":[{"href":"https:\/\/www.vaticano.com\/es\/wp-json\/wp\/v2\/types\/post"}],"author":[{"embeddable":true,"href":"https:\/\/www.vaticano.com\/es\/wp-json\/wp\/v2\/users\/6"}],"replies":[{"embeddable":true,"href":"https:\/\/www.vaticano.com\/es\/wp-json\/wp\/v2\/comments?post=4672"}],"version-history":[{"count":0,"href":"https:\/\/www.vaticano.com\/es\/wp-json\/wp\/v2\/posts\/4672\/revisions"}],"wp:featuredmedia":[{"embeddable":true,"href":"https:\/\/www.vaticano.com\/es\/wp-json\/wp\/v2\/media\/4673"}],"wp:attachment":[{"href":"https:\/\/www.vaticano.com\/es\/wp-json\/wp\/v2\/media?parent=4672"}],"wp:term":[{"taxonomy":"category","embeddable":true,"href":"https:\/\/www.vaticano.com\/es\/wp-json\/wp\/v2\/categories?post=4672"},{"taxonomy":"post_tag","embeddable":true,"href":"https:\/\/www.vaticano.com\/es\/wp-json\/wp\/v2\/tags?post=4672"}],"curies":[{"name":"wp","href":"https:\/\/api.w.org\/{rel}","templated":true}]}}