{"id":4674,"date":"2019-04-06T13:38:12","date_gmt":"2019-04-06T11:38:12","guid":{"rendered":"http:\/\/www.vaticano.com\/?p=4674"},"modified":"2019-04-06T13:38:43","modified_gmt":"2019-04-06T11:38:43","slug":"como-se-puede-participar-a-la-misa-que-papa-francisco-celebra-en-santa-marta","status":"publish","type":"post","link":"https:\/\/www.vaticano.com\/es\/como-se-puede-participar-a-la-misa-que-papa-francisco-celebra-en-santa-marta\/","title":{"rendered":"\u00bfC\u00f3mo se puede participar a la Misa que Papa Francisco celebra en Santa Marta?"},"content":{"rendered":"\n<p><strong>De lunes a martes, a las 7.00 Hs, Papa Bergoglio celebra la Santa Misa en la peque\u00f1a Capilla de Casa Santa Marta, la residencia que eligi\u00f3 como habitaci\u00f3n.<\/strong><\/p>\n\n\n\n<p>Muchos son los fieles que desean participar a la Funci\u00f3n para escuchar las palabras del Pont\u00edfice y para tener tambi\u00e9n la oportunidad de recibir el r\u00e1pido saludo personal que Papa Francisco dedica a cada uno de los presentes al final de la ceremonia.<\/p>\n\n\n\n<p>Lamentablemente la Capilla de Santa Marta es muy peque\u00f1a: hay al rededor de 50 asientos y la mitad de ellos se reservan cada d\u00eda a rotaci\u00f3n a un sacerdote de unas de las numerosas parroquias de la Di\u00f3cesis de Roma, de la que el Santo Padro es Obispo, y a algunos de sus fieles.<\/p>\n\n\n\n<p>Los dem\u00e1s asientos, al rededor de 25 por d\u00eda, est\u00e1n a disposici\u00f3n de los fieles que manden solicitud; cada d\u00eda llegan millones de solicitudes de todo el mundo y, naturalmente, las listas de espera llegan a ser largu\u00edsimas.<\/p>\n\n\n\n<p>Los criterios de selecci\u00f3n para la aceptaci\u00f3n de las solicitudes son del todo casual y no valen m\u00e1s las recomendaciones por parte de otros prelados.<\/p>\n\n\n\n<p>En el abril del 2015 el Papa difundi\u00f3 una circular firmada por la secretar\u00eda particular que dec\u00eda: \u201cPor el gran n\u00famero de solicitudes que vienen de todas las partes del mundo, no es posible acoger tales solicitudes para participar a la celebraci\u00f3n en la Domus Sanctae Martae. Quien quiera puede participar a la audiencia general del mi\u00e9rcoles, solicitando entradas a la Prefectura de la Casa Pontificia\u201d<\/p>\n\n\n\n<p>Quien quiera probar y est\u00e1 dispuesto a esperar muchos meses para realizar este deseo, puede enviar una solicitud de participaci\u00f3n por correo ordinario a la siguiente direcci\u00f3n<\/p>\n\n\n\n<p><strong>Segreteria di Sua Santit\u00e0 Francesco, Casa Santa Marta \u2013 00120 Citt\u00e0 del Vaticano<\/strong><\/p>\n\n\n\n<p>En la solicitud tienen que indicarse el n\u00famero de personas y todos los detalles para que puedan ser contactados (nombre, apellido, direcci\u00f3n y tel\u00e9fono) adem\u00e1s de otros motivos ordinarios o extraordinarios tales como, por ejemplo, aniversarios, recurrencias\u2026.<\/p>\n\n\n\n<p>Como es f\u00e1cil imaginar, no se puede elegir una fecha particular: si la solicitud se acepta, hay que aceptar s\u00f3lo la fecha propuesta por la Secreter\u00eda de Su Santidad designada en la repuesta.<\/p>\n\n\n\n<p>La respuesta llegar\u00e1 a trav\u00e9s de una carta y la misma servir\u00e1 como pase para llegar a la Casa de Santa Marta. La cita ser\u00e1 para las 6.30-6.45 en la residencia papal, por lo tanto todo el grupo de fieles entrar\u00e1 en la capilla, antes de la llegada de Papa Francisco.<\/p>\n\n\n\n<p>Antes de enviar cualquier solicitud, sugerimos que contacte<strong> la Prefectura de la Casa Pontificia<\/strong> (de 9hs a13hs) para las confirmaciones oportunas y\/o las rectificaciones del caso, a los n\u00fameros: (+39 06 698 848 76) \u2013 (+39 06 698 831 14) \u2013 (+39 06 69 832 73).<\/p>\n\n\n\n<p>Le recordamos a todos que la misa de Papa Francisco de todas maneras se puede escuchar todas las ma\u00f1anas en directo gracias a la Radio Vaticana<\/p>\n\n\n\n<p>Aqu\u00ed pueden encontrar las fichas de las estructuras que pueden contactar directamente para <strong>organizar de la mejor manera posible vuestra estad\u00eda en Roma y en la provincia<\/strong><\/p>\n","protected":false},"excerpt":{"rendered":"<p>De lunes a martes, a las 7.00 Hs, Papa Bergoglio celebra la Santa Misa en la peque\u00f1a Capilla de Casa&#8230;<\/p>\n","protected":false},"author":6,"featured_media":4673,"comment_status":"open","ping_status":"open","sticky":false,"template":"","format":"standard","meta":{"footnotes":""},"categories":[176],"tags":[],"class_list":["post-4674","post","type-post","status-publish","format-standard","has-post-thumbnail","hentry","category-noticias"],"_links":{"self":[{"href":"https:\/\/www.vaticano.com\/es\/wp-json\/wp\/v2\/posts\/4674"}],"collection":[{"href":"https:\/\/www.vaticano.com\/es\/wp-json\/wp\/v2\/posts"}],"about":[{"href":"https:\/\/www.vaticano.com\/es\/wp-json\/wp\/v2\/types\/post"}],"author":[{"embeddable":true,"href":"https:\/\/www.vaticano.com\/es\/wp-json\/wp\/v2\/users\/6"}],"replies":[{"embeddable":true,"href":"https:\/\/www.vaticano.com\/es\/wp-json\/wp\/v2\/comments?post=4674"}],"version-history":[{"count":0,"href":"https:\/\/www.vaticano.com\/es\/wp-json\/wp\/v2\/posts\/4674\/revisions"}],"wp:featuredmedia":[{"embeddable":true,"href":"https:\/\/www.vaticano.com\/es\/wp-json\/wp\/v2\/media\/4673"}],"wp:attachment":[{"href":"https:\/\/www.vaticano.com\/es\/wp-json\/wp\/v2\/media?parent=4674"}],"wp:term":[{"taxonomy":"category","embeddable":true,"href":"https:\/\/www.vaticano.com\/es\/wp-json\/wp\/v2\/categories?post=4674"},{"taxonomy":"post_tag","embeddable":true,"href":"https:\/\/www.vaticano.com\/es\/wp-json\/wp\/v2\/tags?post=4674"}],"curies":[{"name":"wp","href":"https:\/\/api.w.org\/{rel}","templated":true}]}}