{"id":4676,"date":"2019-04-06T17:35:42","date_gmt":"2019-04-06T15:35:42","guid":{"rendered":"http:\/\/www.vaticano.com\/?p=4676"},"modified":"2019-04-27T18:01:36","modified_gmt":"2019-04-27T16:01:36","slug":"como-solicitar-la-bendicion-apostolica-del-papa","status":"publish","type":"post","link":"https:\/\/www.vaticano.com\/es\/como-solicitar-la-bendicion-apostolica-del-papa\/","title":{"rendered":"\u00bfC\u00f3mo solicitar la Bendici\u00f3n Apost\u00f3lica del Papa?"},"content":{"rendered":"\n<p>Existe s\u00f3lo un modo para solicitar la Bendici\u00f3n Apost\u00f3lica en pergamino: Dirigirse a la Limosner\u00eda Apost\u00f3lica, Oficina de la Santa Sede designada a este deber iniciado en tiempos de Papa Le\u00f3n XIII.<\/p>\n\n\n\n<p>La limosner\u00eda Apost\u00f3lica tiene el important\u00edsimo rol de realizar en nombre del Santo Padre el servicio de asistencia hacia los pobres y para esto utiliza las ofrendas que de todo el mundo llegan por medio de los fieles y tambi\u00e9n gracias a las solicitudes de las Bendiciones.<\/p>\n\n\n\n<h2 class=\"wp-block-heading\">\n\u00bfPara\ncu\u00e1les ocaciones se pueden pedir bendiciones?<\/h2>\n\n\n\n<ol class=\"wp-block-list\"><li>Bautismo, Primera Comuni\u00f3n, Confirmaci\u00f3n<\/li><li>Matrimonio<\/li><li>Ordenaci\u00f3n Presbiterial<\/li><li>Profesi\u00f3n Religiosa<\/li><li>Consagraci\u00f3n Secular<\/li><li>Ordenaci\u00f3n Di\u00e1cono permanente<\/li><li>Aniversario (10\u00b0, 25\u00b0, 40\u00b0, 50\u00b0, 60\u00b0) de Matrimonio*, Ordenaci\u00f3n Presbiterial, Profesi\u00f3n Religiosa<\/li><li>Cumplea\u00f1os (18\u00b0, 50\u00b0, 60\u00b0, 70\u00b0, 80\u00b0, 90\u00b0, 100\u00b0)*<\/li><li>Persona individual cat\u00f3lica* o famillia* (con nombre y apellido de los c\u00f3nyuges unidos a trav\u00e9s del matrimonio religioso)<\/li><\/ol>\n\n\n\n<p>\nEn\npresencia del asterisco (*) se solicita obligatoriamente la\naprobaci\u00f3n (nulla aosta) o el benepl\u00e1cito de la Autoridad\nEclesi\u00e1stica \n<\/p>\n\n\n\n<h2 class=\"wp-block-heading\">\n\u00bfC\u00f3mo\nse piden las bendiciones?<\/h2>\n\n\n\n<ol class=\"wp-block-list\"><li> Directamente en las Oficinas del Vaticano.<br>Es posible acceder personalmente a las Oficinas de la Lismoner\u00eda Apost\u00f3lica dentro de la Ciudad del Vaticano, accediendo por la entrada de Sant\u2019Anna (de la parte derecha de la arcada de plaza San Pietro) en el horario de apertura: 8.30-13.30 (de lunes a s\u00e1bado);<\/li><li>Por  carta, fax, online<br>Las solicitudes pueden ser enviadas a la Lismoner\u00eda Apost\u00f3lica a trav\u00e9s del correo, por fax o <a href=\"https:\/\/www.elemosineria.va\/parchments\/?lang=es\">online<\/a>:<\/li><\/ol>\n\n\n\n<p>\nEn\nla solicitud hay que indicar:<\/p>\n\n\n\n<ul class=\"wp-block-list\"><li>el nombre, apellido y direcc\u00f3n del solicitante;<\/li><li>el nombre y apellido del\/ de los destinatario\/s de la Bendici\u00f3n;<\/li><li>el motivo o  la ocasi\u00f3n por la que se solicta;<\/li><li>la fecha, el nombre de la Iglesia y de la localidad donde se efect\u00fae la circunstancia por la que se solicita la Bendici\u00f3n  (todos necesarios cuando se trata de Sacramentos, de la Profesi\u00f3n Religiosa o de un Aniversario);<\/li><li>la direcci\u00f3n de env\u00edo donde enviar el diploma y la cifra para el abono.<\/li><\/ul>\n\n\n\n<p>\n<em>Direcci\u00f3n\npostal:<\/em><\/p>\n\n\n\n<p>Elemosineria Apostolica<br>Ufficio pergamene<br>00120 Citt\u00e0 del Vaticano<\/p>\n\n\n\n<p>Tel\u00e9fono: (+39) 06.69873279 \u2013 (+39) 06.69871100 (horario: 8.00 \u2013 14.00)<br>Telefax:   (+39) 06.69883132 (activo 24 H)<\/p>\n\n\n\n<p>\n<em>El\ncoste indicado se refiere a:<\/em><\/p>\n\n\n\n<ul class=\"wp-block-list\"><li>el pergamino (que cuesta de 13 a 25 Euros seg\u00fan el modelo elegido por la Oficina para la ocasi\u00f3n indicada);<\/li><li>los gastos de env\u00edo (en Italia) por correo normal (7 Euros) o por servicios de transportes de paqueter\u00eda urgente DHL (13 Euros).<\/li><\/ul>\n\n\n\n<p>\n<em>El\nenv\u00edo de la ofrenda puede efectuarse, s\u00f3lo despu\u00e9s de haber\nrecibido el pergamino, de dos maneras:<\/em><\/p>\n\n\n\n<ul class=\"wp-block-list\"><li>el giro postal adjunto al env\u00edo;<\/li><li>pago online con tarjeta de cr\u00e9dito  en nuestra p\u00e1gina web de  internet (indicando en la \u201ccausal\u201d el n\u00famero que se encuentra en el recibo).<\/li><\/ul>\n\n\n\n<p><strong>Para algunas ocasiones particulares se solicita el nulla aosta del P\u00e1rroco o de otra persona eclesi\u00e1stica<\/strong> ( se entiende como opini\u00f3n favorable, osea que las personas destinatarias de la Bendici\u00f3n Papal sean cat\u00f3licas y practicantes, manifestado mediante firma y sello de la Parroquia, estampado en fondo a la \u00faltima p\u00e1gina de la carta de la solicitud o en la casilla del formulario que se puede bajar aqu\u00ed abajo)<\/p>\n\n\n\n<p><strong>El tiempo necesario para recibir el pergamino es alrededor de un mes a partir del d\u00eda de la solicitud.<\/strong><\/p>\n\n\n\n<p><strong>No se admiten solicitudes por tel\u00e9fono.<\/strong><\/p>\n","protected":false},"excerpt":{"rendered":"<p>Existe s\u00f3lo un modo para solicitar la Bendici\u00f3n Apost\u00f3lica en pergamino: Dirigirse a la Limosner\u00eda Apost\u00f3lica, Oficina de la Santa&#8230;<\/p>\n","protected":false},"author":6,"featured_media":4675,"comment_status":"open","ping_status":"open","sticky":false,"template":"","format":"standard","meta":{"footnotes":""},"categories":[1156,176],"tags":[],"class_list":["post-4676","post","type-post","status-publish","format-standard","has-post-thumbnail","hentry","category-approfondimenti-es-2","category-noticias"],"_links":{"self":[{"href":"https:\/\/www.vaticano.com\/es\/wp-json\/wp\/v2\/posts\/4676"}],"collection":[{"href":"https:\/\/www.vaticano.com\/es\/wp-json\/wp\/v2\/posts"}],"about":[{"href":"https:\/\/www.vaticano.com\/es\/wp-json\/wp\/v2\/types\/post"}],"author":[{"embeddable":true,"href":"https:\/\/www.vaticano.com\/es\/wp-json\/wp\/v2\/users\/6"}],"replies":[{"embeddable":true,"href":"https:\/\/www.vaticano.com\/es\/wp-json\/wp\/v2\/comments?post=4676"}],"version-history":[{"count":0,"href":"https:\/\/www.vaticano.com\/es\/wp-json\/wp\/v2\/posts\/4676\/revisions"}],"wp:featuredmedia":[{"embeddable":true,"href":"https:\/\/www.vaticano.com\/es\/wp-json\/wp\/v2\/media\/4675"}],"wp:attachment":[{"href":"https:\/\/www.vaticano.com\/es\/wp-json\/wp\/v2\/media?parent=4676"}],"wp:term":[{"taxonomy":"category","embeddable":true,"href":"https:\/\/www.vaticano.com\/es\/wp-json\/wp\/v2\/categories?post=4676"},{"taxonomy":"post_tag","embeddable":true,"href":"https:\/\/www.vaticano.com\/es\/wp-json\/wp\/v2\/tags?post=4676"}],"curies":[{"name":"wp","href":"https:\/\/api.w.org\/{rel}","templated":true}]}}