{"id":5675,"date":"2019-10-08T15:41:25","date_gmt":"2019-10-08T13:41:25","guid":{"rendered":"https:\/\/www.vaticano.com\/las-12-catedrales-mas-bellas-de-italia\/"},"modified":"2026-07-20T09:36:29","modified_gmt":"2026-07-20T07:36:29","slug":"10-santuarios-extraordinarios-para-visitar-en-diciembre","status":"publish","type":"post","link":"https:\/\/www.vaticano.com\/es\/10-santuarios-extraordinarios-para-visitar-en-diciembre\/","title":{"rendered":"10 santuarios extraordinarios para visitar en diciembre"},"content":{"rendered":"\n<p class=\"wp-block-paragraph\"><strong>Dicembre \u00e8 un mese\ncolmo di ricorrenze religiose<\/strong>, un\u2019ottima opportunit\u00e0 per visitare i pi\u00f9\nstraordinari Santuari d\u2019Italia. Vaticano.com vi offre un itinerario concreto e\nspirituale per andare alla scoperta dei 10 santuari da non perdere a dicembre.<\/p>\n\n<p class=\"wp-block-paragraph\">In Italia moltissimi sono i santuari belli, suggestivi e\nstraordinari: la ricchezza di <strong>abbazie,\nchiese e santuari<\/strong> da visitare \u00e8 unica al mondo.&nbsp; Sono &nbsp;santuari ricchi di opere d\u2019arte d\u2019ogni tempo,\nluoghi di permanenza o solo di passaggio di santi di ogni epoca. Questo elenco\n\u00e8 un&nbsp; suggerimento speciale, una proposta\ndi <strong>10 luoghi imperdibili per un viaggio\nveramente originale.<\/strong><\/p>\n\n<p class=\"wp-block-paragraph\">L\u2019ordine di elenco non risponde ad una classifica.<\/p>\n\n<p class=\"wp-block-paragraph\"><strong>\u2013<\/strong><strong>&nbsp; Santuario Santa Maria ad Gratias &#8211;\nAbbazia di Novacella \u2013 Varna-Bolzano-<\/strong>L&#8217;abbazia agostiniana di\nNovacella, si trova nel comune di Varna, vicino a Bolzano, \u00e8 una delle pi\u00f9\nprestigiose abbazie del nord Italia e dell&#8217;Arco Alpino, oltre che un grandioso\ncomplesso di edifici religiosi e civili.<strong><\/strong><\/p>\n\n<p class=\"wp-block-paragraph\"><a href=\"https:\/\/www.vaticano.com\/turismo\/scheda_226_santuario-santa-maria-ad-gratias-abbazia-di-novacella-varna-bressanone.html\">https:\/\/www.vaticano.com\/turismo\/scheda_226_santuario-santa-maria-ad-gratias-abbazia-di-novacella-varna-bressanone.html<\/a><\/p>\n\n<p class=\"wp-block-paragraph\"><strong>\u2013<\/strong> <strong>Basilica Sant\u2019Antonio da Padova (PD):<\/strong> La\nPontificia Basilica Minore di Sant&#8217;Antonio di Padova \u00e8 uno dei luoghi di culto\ncattolici della citt\u00e0 di Padova. E\u2019 una delle pi\u00f9 grandi chiese del mondo,\nvisitata ogni anno da oltre 6,5 milioni di pellegrini ed \u00e8 uno dei santuari pi\u00f9\nvenerati del mondo cristiano. Qui sono custodite le reliquie di sant&#8217;Antonio di\nPadova e la sua tomba.<strong> &nbsp;<\/strong><\/p>\n\n<p class=\"wp-block-paragraph\"><a href=\"https:\/\/www.vaticano.com\/turismo\/scheda_183_santuario-di-santantonio-da-padova.html\">https:\/\/www.vaticano.com\/turismo\/scheda_183_santuario-di-santantonio-da-padova.html<\/a><\/p>\n\n<p class=\"wp-block-paragraph\"><strong>\u2013 Santuario della\nSanta Casa di Loreto-Ancona-<\/strong> La Basilica della Santa Casa \u00e8 uno dei\nprincipali luoghi di culto mariano e tra i pi\u00f9 importanti e visitati santuari\nmariani del mondo cattolico. Si trova a Loreto in piazza della Madonna.\nAll&#8217;interno della basilica, secondo la tradizione \u00e8 la Santa Casa di Nazareth,\ndove visse Ges\u00f9.<\/p>\n\n<p class=\"wp-block-paragraph\"><a href=\"https:\/\/www.vaticano.com\/turismo\/scheda_179_santuario-della-santa-casa-di-loreto-2.html\">https:\/\/www.vaticano.com\/turismo\/scheda_179_santuario-della-santa-casa-di-loreto-2.html<\/a><\/p>\n\n<p class=\"wp-block-paragraph\"><strong>\u2013 Basilica di San Francesco\ndi Assisi-Perugia-<\/strong> La Basilica di San Francesco si trova ad Assisi, conserva\ne custodisce dal 1230 le spoglie del santo. Voluta da papa Gregorio IX venne\ninsignita dallo stesso Pontefice del titolo di <strong>Caput et Mater<\/strong> dell&#8217;Ordine minoritico ed \u00e8 affidata in perpetuo\nagli stessi frati.<\/p>\n\n<p class=\"wp-block-paragraph\"><a href=\"https:\/\/www.vaticano.com\/turismo\/scheda_173_santuario-basilica-papale-e-sacro-convento-di-san-francesco-dassisi.html\">https:\/\/www.vaticano.com\/turismo\/scheda_173_santuario-basilica-papale-e-sacro-convento-di-san-francesco-dassisi.html<\/a><\/p>\n\n<p class=\"wp-block-paragraph\"><strong>\u2013 Duomo di Orvieto &#8211;\nCattedrale di Santa Maria Assunta-Orvieto-<\/strong>La Basilica Cattedrale di Santa\nMaria Assunta \u00e8 il primo luogo di culto di Orvieto,Terni, nella diocesi di\nOrvieto-Todi e rappresenta uno dei pi\u00f9 bei capolavori dell&#8217;architettura gotica\ndell&#8217;Italia Centrale. E\u2019 Basilica minore dal 1889 per volere di papa Leone XIII.<\/p>\n\n<p class=\"wp-block-paragraph\"><a href=\"https:\/\/www.vaticano.com\/turismo\/scheda_1164_duomo-di-orvieto-cattedrale-di-santa-maria-assunta.html\">https:\/\/www.vaticano.com\/turismo\/scheda_1164_duomo-di-orvieto-cattedrale-di-santa-maria-assunta.html<\/a><\/p>\n\n<p class=\"wp-block-paragraph\">&nbsp;<strong>\u2013 Santuario della Verna-Arezzo-<\/strong> La Verna, conosciuta come Monte\nPenna, \u00e8 un luogo noto &nbsp;per la sua\nassociazione con San Francesco d&#8217;Assisi, qui si dice abbia ricevuto le\nstimmate. Il Santuario della Verna, \u00e8 cresciuto in suo onore. <\/p>\n\n<p class=\"wp-block-paragraph\"><a href=\"http:\/\/www.vaticano.com\/turismo\/scheda_110_santuario-della-verna.html\">http:\/\/www.vaticano.com\/turismo\/scheda_110_santuario-della-verna.html<\/a><\/p>\n\n<p class=\"wp-block-paragraph\"><strong>\u2013Basilica della Santissima Annunziata-Firenze- <\/strong>La Basilica della Santissima Annunziata \u00e8 il principale santuario mariano di Firenze. La chiesa \u00e8 posta nell&#8217;omonima piazza nella parte nord-est del centro cittadino, vicino allo Spedale degli Innocenti.<\/p>\n\n<p class=\"wp-block-paragraph\"><a href=\"http:\/\/www.vaticano.com\/turismo\/scheda_1356_basilica-della-santissima-annunziata.html\">http:\/\/www.vaticano.com\/turismo\/scheda_1356_basilica-della-santissima-annunziata.html<\/a><\/p>\n\n<p class=\"wp-block-paragraph\"><strong>\u2013 Santuario della Madonna del Divino Amore-Roma-<\/strong> Il santuario della Madonna del Divino Amore \u00e8 un santuario di Roma composto da due chiese e meta di pellegrinaggio, adorata dai romani, in estate ogni sabato si tiene un pellegrinaggio notturno a piedi da Roma al santuario. <a href=\"http:\/\/www.vaticano.com\/turismo\/scheda_178_santuario-santa-maria-del-divino-amore.html\">http:\/\/www.vaticano.com\/turismo\/scheda_178_santuario-santa-maria-del-divino-amore.html<\/a><\/p>\n\n<p class=\"wp-block-paragraph\"><strong>\u2013 Santuario di san Francesco di Paola-Cosenza- <\/strong>Il santuario di San Francesco di Paola sorge sulle colline della cittadina di Paola, localit\u00e0 di nascita di san Francesco. \u00c8 meta di pellegrinaggio da tutto il sud Italia, specialmente dalla Calabria, di cui san Francesco \u00e8 patrono. <\/p>\n\n<p class=\"wp-block-paragraph\"><a href=\"https:\/\/www.vaticano.com\/turismo\/scheda_22_santuario-s-francesco-da-paola.html\">https:\/\/www.vaticano.com\/turismo\/scheda_22_santuario-s-francesco-da-paola.html<\/a><\/p>\n\n<p class=\"wp-block-paragraph\"><strong>&#8211; Basilica\nCattedrale Santa Maria Nuova-Monreale- <\/strong>La cattedrale di Santa Maria Nuova \u00e8 la prima\ncattedrale di Monreale, Palermo. La Basilica \u00e8 famosa per i ricchi mosaici\nbizantini che ne decorano l&#8217;interno. Dal luglio 2015 \u00e8 stata nominata Patrimonio\ndell&#8217;umanit\u00e0 dall\u2019Unesco.<\/p>\n\n<p class=\"wp-block-paragraph\"><a href=\"https:\/\/www.vaticano.com\/turismo\/scheda_1222_basilica-cattedrale-santa-maria-nuova-duomo-di-monreale.html\">https:\/\/www.vaticano.com\/turismo\/scheda_1222_basilica-cattedrale-santa-maria-nuova-duomo-di-monreale.html<\/a><\/p>\n","protected":false},"excerpt":{"rendered":"<p>10 santuarios extraordinarios para visitar en diciembre, santuarios bellos, sugerentes y extraordinarios que hay que visitar absolutamente.<\/p>\n","protected":false},"author":4,"featured_media":15678,"comment_status":"closed","ping_status":"open","sticky":false,"template":"","format":"standard","meta":{"footnotes":""},"categories":[1162,176,1156],"tags":[4456,4457,4458,4460,4459,4461,4462,4464,4465,4466,4463],"class_list":["post-5675","post","type-post","status-publish","format-standard","has-post-thumbnail","hentry","category-desde-los-santuarios","category-noticias","category-approfondimenti-es-2","tag-10-santuarios-extraordinarios","tag-abadias","tag-basilica-catedral-santa-maria-nuova-monreale","tag-basilica-de-san-antonio-de-padua","tag-basilica-de-san-francisco-de-asis","tag-catedral-de-santa-maria-asunta-orvieto","tag-iglesias","tag-santuario-de-la-santa-casa-de-loreto","tag-santuario-de-la-verna","tag-santuario-santa-maria-ad-gratias","tag-santuarios"],"blocksy_meta":[],"yoast_head":"<!-- This site is optimized with the Yoast SEO plugin v28.4 - https:\/\/yoast.com\/product\/yoast-seo-wordpress\/ -->\n<title>Turismo Religioso: 10 santuarios extraordinarios para visitar en diciembre<\/title>\n<meta name=\"description\" content=\"Las catedrales m\u00e1s bellas de la Pen\u00ednsula seg\u00fan el principal portal de turismo religioso italiano; historia, curiosidades y toda la informaci\u00f3n para organizar su visita.\" \/>\n<meta name=\"robots\" content=\"index, follow, max-snippet:-1, max-image-preview:large, max-video-preview:-1\" \/>\n<link rel=\"canonical\" href=\"https:\/\/www.vaticano.com\/es\/10-santuarios-extraordinarios-para-visitar-en-diciembre\/\" \/>\n<meta property=\"og:locale\" content=\"es_ES\" \/>\n<meta property=\"og:type\" content=\"article\" \/>\n<meta property=\"og:title\" content=\"Turismo Religioso: 10 santuarios extraordinarios para visitar en diciembre\" \/>\n<meta property=\"og:description\" content=\"Las catedrales m\u00e1s bellas de la Pen\u00ednsula seg\u00fan el principal portal de turismo religioso italiano; historia, curiosidades y toda la informaci\u00f3n para organizar su visita.\" \/>\n<meta property=\"og:url\" content=\"https:\/\/www.vaticano.com\/es\/10-santuarios-extraordinarios-para-visitar-en-diciembre\/\" \/>\n<meta property=\"og:site_name\" content=\"Vaticano.com\" \/>\n<meta property=\"article:published_time\" content=\"2019-10-08T13:41:25+00:00\" \/>\n<meta property=\"article:modified_time\" content=\"2026-07-20T07:36:29+00:00\" \/>\n<meta property=\"og:image\" content=\"https:\/\/www.vaticano.com\/wp-content\/uploads\/2019\/12\/torino-i-cinque-santuari-maggiori-in-italia-luoghi-di-bellezza-e-culto-1920x1080.jpg\" \/>\n\t<meta property=\"og:image:width\" content=\"1920\" \/>\n\t<meta property=\"og:image:height\" content=\"1080\" \/>\n\t<meta property=\"og:image:type\" content=\"image\/jpeg\" \/>\n<meta name=\"author\" content=\"Franco Collodet\" \/>\n<meta name=\"twitter:card\" content=\"summary_large_image\" \/>\n<meta name=\"twitter:label1\" content=\"Escrito por\" \/>\n\t<meta name=\"twitter:data1\" content=\"Franco Collodet\" \/>\n\t<meta name=\"twitter:label2\" content=\"Tiempo de lectura\" \/>\n\t<meta name=\"twitter:data2\" content=\"3 minutos\" \/>\n<script type=\"application\/ld+json\" class=\"yoast-schema-graph\">{\"@context\":\"https:\\\/\\\/schema.org\",\"@graph\":[{\"@type\":\"Article\",\"@id\":\"https:\\\/\\\/www.vaticano.com\\\/es\\\/10-santuarios-extraordinarios-para-visitar-en-diciembre\\\/#article\",\"isPartOf\":{\"@id\":\"https:\\\/\\\/www.vaticano.com\\\/es\\\/10-santuarios-extraordinarios-para-visitar-en-diciembre\\\/\"},\"author\":{\"name\":\"Franco Collodet\",\"@id\":\"https:\\\/\\\/www.vaticano.com\\\/#\\\/schema\\\/person\\\/58fa8fac2b17fef19acffa28e69b373e\"},\"headline\":\"10 santuarios extraordinarios para visitar en diciembre\",\"datePublished\":\"2019-10-08T13:41:25+00:00\",\"dateModified\":\"2026-07-20T07:36:29+00:00\",\"mainEntityOfPage\":{\"@id\":\"https:\\\/\\\/www.vaticano.com\\\/es\\\/10-santuarios-extraordinarios-para-visitar-en-diciembre\\\/\"},\"wordCount\":653,\"publisher\":{\"@id\":\"https:\\\/\\\/www.vaticano.com\\\/#organization\"},\"image\":{\"@id\":\"https:\\\/\\\/www.vaticano.com\\\/es\\\/10-santuarios-extraordinarios-para-visitar-en-diciembre\\\/#primaryimage\"},\"thumbnailUrl\":\"https:\\\/\\\/www.vaticano.com\\\/wp-content\\\/uploads\\\/2019\\\/12\\\/torino-i-cinque-santuari-maggiori-in-italia-luoghi-di-bellezza-e-culto-1920x1080.jpg\",\"keywords\":[\"10 santuarios extraordinarios\",\"abad\u00edas\",\"Bas\u00edlica Catedral Santa Maria Nuova-Monreale\",\"Bas\u00edlica de San Antonio de Padua\",\"Bas\u00edlica de San Francisco de As\u00eds\",\"Catedral de Santa Mar\u00eda Asunta-Orvieto\",\"iglesias\",\"Santuario de la Santa Casa de Loreto\",\"Santuario de la Verna\",\"Santuario Santa Maria ad Gratias\",\"santuarios\"],\"articleSection\":[\"Desde los santuarios\",\"Noticias\",\"Profundizaciones\"],\"inLanguage\":\"es\"},{\"@type\":\"WebPage\",\"@id\":\"https:\\\/\\\/www.vaticano.com\\\/es\\\/10-santuarios-extraordinarios-para-visitar-en-diciembre\\\/\",\"url\":\"https:\\\/\\\/www.vaticano.com\\\/es\\\/10-santuarios-extraordinarios-para-visitar-en-diciembre\\\/\",\"name\":\"Turismo Religioso: 10 santuarios extraordinarios para visitar en diciembre\",\"isPartOf\":{\"@id\":\"https:\\\/\\\/www.vaticano.com\\\/#website\"},\"primaryImageOfPage\":{\"@id\":\"https:\\\/\\\/www.vaticano.com\\\/es\\\/10-santuarios-extraordinarios-para-visitar-en-diciembre\\\/#primaryimage\"},\"image\":{\"@id\":\"https:\\\/\\\/www.vaticano.com\\\/es\\\/10-santuarios-extraordinarios-para-visitar-en-diciembre\\\/#primaryimage\"},\"thumbnailUrl\":\"https:\\\/\\\/www.vaticano.com\\\/wp-content\\\/uploads\\\/2019\\\/12\\\/torino-i-cinque-santuari-maggiori-in-italia-luoghi-di-bellezza-e-culto-1920x1080.jpg\",\"datePublished\":\"2019-10-08T13:41:25+00:00\",\"dateModified\":\"2026-07-20T07:36:29+00:00\",\"description\":\"Las catedrales m\u00e1s bellas de la Pen\u00ednsula seg\u00fan el principal portal de turismo religioso italiano; historia, curiosidades y toda la informaci\u00f3n para organizar su visita.\",\"breadcrumb\":{\"@id\":\"https:\\\/\\\/www.vaticano.com\\\/es\\\/10-santuarios-extraordinarios-para-visitar-en-diciembre\\\/#breadcrumb\"},\"inLanguage\":\"es\",\"potentialAction\":[{\"@type\":\"ReadAction\",\"target\":[\"https:\\\/\\\/www.vaticano.com\\\/es\\\/10-santuarios-extraordinarios-para-visitar-en-diciembre\\\/\"]}]},{\"@type\":\"ImageObject\",\"inLanguage\":\"es\",\"@id\":\"https:\\\/\\\/www.vaticano.com\\\/es\\\/10-santuarios-extraordinarios-para-visitar-en-diciembre\\\/#primaryimage\",\"url\":\"https:\\\/\\\/www.vaticano.com\\\/wp-content\\\/uploads\\\/2019\\\/12\\\/torino-i-cinque-santuari-maggiori-in-italia-luoghi-di-bellezza-e-culto-1920x1080.jpg\",\"contentUrl\":\"https:\\\/\\\/www.vaticano.com\\\/wp-content\\\/uploads\\\/2019\\\/12\\\/torino-i-cinque-santuari-maggiori-in-italia-luoghi-di-bellezza-e-culto-1920x1080.jpg\",\"width\":1920,\"height\":1080},{\"@type\":\"BreadcrumbList\",\"@id\":\"https:\\\/\\\/www.vaticano.com\\\/es\\\/10-santuarios-extraordinarios-para-visitar-en-diciembre\\\/#breadcrumb\",\"itemListElement\":[{\"@type\":\"ListItem\",\"position\":1,\"name\":\"Home\",\"item\":\"https:\\\/\\\/www.vaticano.com\\\/es\\\/vaticano-com-religious-tourism-shrines-news\\\/\"},{\"@type\":\"ListItem\",\"position\":2,\"name\":\"10 santuarios extraordinarios para visitar en diciembre\"}]},{\"@type\":\"WebSite\",\"@id\":\"https:\\\/\\\/www.vaticano.com\\\/#website\",\"url\":\"https:\\\/\\\/www.vaticano.com\\\/\",\"name\":\"Vaticano.com\",\"description\":\"Turismo Religioso, Santuari, Notizie dal mondo cattolico\",\"publisher\":{\"@id\":\"https:\\\/\\\/www.vaticano.com\\\/#organization\"},\"potentialAction\":[{\"@type\":\"SearchAction\",\"target\":{\"@type\":\"EntryPoint\",\"urlTemplate\":\"https:\\\/\\\/www.vaticano.com\\\/?s={search_term_string}\"},\"query-input\":{\"@type\":\"PropertyValueSpecification\",\"valueRequired\":true,\"valueName\":\"search_term_string\"}}],\"inLanguage\":\"es\"},{\"@type\":\"Organization\",\"@id\":\"https:\\\/\\\/www.vaticano.com\\\/#organization\",\"name\":\"Vaticano.com\",\"url\":\"https:\\\/\\\/www.vaticano.com\\\/\",\"logo\":{\"@type\":\"ImageObject\",\"inLanguage\":\"es\",\"@id\":\"https:\\\/\\\/www.vaticano.com\\\/#\\\/schema\\\/logo\\\/image\\\/\",\"url\":\"https:\\\/\\\/www.vaticano.com\\\/wp-content\\\/uploads\\\/2026\\\/05\\\/vaticano-1.png\",\"contentUrl\":\"https:\\\/\\\/www.vaticano.com\\\/wp-content\\\/uploads\\\/2026\\\/05\\\/vaticano-1.png\",\"width\":600,\"height\":150,\"caption\":\"Vaticano.com\"},\"image\":{\"@id\":\"https:\\\/\\\/www.vaticano.com\\\/#\\\/schema\\\/logo\\\/image\\\/\"}},{\"@type\":\"Person\",\"@id\":\"https:\\\/\\\/www.vaticano.com\\\/#\\\/schema\\\/person\\\/58fa8fac2b17fef19acffa28e69b373e\",\"name\":\"Franco Collodet\",\"description\":\"Sociologo e scrittore. Studi specialistici in Scienze Storico-Antropologiche delle Religioni. Master presso la Scuola Superiore di Filosofia Orientale e Comparativa di Rimini. Esperto dei cammini religiosi in Europa e in Medio Oriente.\",\"url\":\"https:\\\/\\\/www.vaticano.com\\\/es\\\/author\\\/francoooo\\\/\"}]}<\/script>\n<!-- \/ Yoast SEO plugin. -->","yoast_head_json":{"title":"Turismo Religioso: 10 santuarios extraordinarios para visitar en diciembre","description":"Las catedrales m\u00e1s bellas de la Pen\u00ednsula seg\u00fan el principal portal de turismo religioso italiano; historia, curiosidades y toda la informaci\u00f3n para organizar su visita.","robots":{"index":"index","follow":"follow","max-snippet":"max-snippet:-1","max-image-preview":"max-image-preview:large","max-video-preview":"max-video-preview:-1"},"canonical":"https:\/\/www.vaticano.com\/es\/10-santuarios-extraordinarios-para-visitar-en-diciembre\/","og_locale":"es_ES","og_type":"article","og_title":"Turismo Religioso: 10 santuarios extraordinarios para visitar en diciembre","og_description":"Las catedrales m\u00e1s bellas de la Pen\u00ednsula seg\u00fan el principal portal de turismo religioso italiano; historia, curiosidades y toda la informaci\u00f3n para organizar su visita.","og_url":"https:\/\/www.vaticano.com\/es\/10-santuarios-extraordinarios-para-visitar-en-diciembre\/","og_site_name":"Vaticano.com","article_published_time":"2019-10-08T13:41:25+00:00","article_modified_time":"2026-07-20T07:36:29+00:00","og_image":[{"width":1920,"height":1080,"url":"https:\/\/www.vaticano.com\/wp-content\/uploads\/2019\/12\/torino-i-cinque-santuari-maggiori-in-italia-luoghi-di-bellezza-e-culto-1920x1080.jpg","type":"image\/jpeg"}],"author":"Franco Collodet","twitter_card":"summary_large_image","twitter_misc":{"Escrito por":"Franco Collodet","Tiempo de lectura":"3 minutos"},"schema":{"@context":"https:\/\/schema.org","@graph":[{"@type":"Article","@id":"https:\/\/www.vaticano.com\/es\/10-santuarios-extraordinarios-para-visitar-en-diciembre\/#article","isPartOf":{"@id":"https:\/\/www.vaticano.com\/es\/10-santuarios-extraordinarios-para-visitar-en-diciembre\/"},"author":{"name":"Franco Collodet","@id":"https:\/\/www.vaticano.com\/#\/schema\/person\/58fa8fac2b17fef19acffa28e69b373e"},"headline":"10 santuarios extraordinarios para visitar en diciembre","datePublished":"2019-10-08T13:41:25+00:00","dateModified":"2026-07-20T07:36:29+00:00","mainEntityOfPage":{"@id":"https:\/\/www.vaticano.com\/es\/10-santuarios-extraordinarios-para-visitar-en-diciembre\/"},"wordCount":653,"publisher":{"@id":"https:\/\/www.vaticano.com\/#organization"},"image":{"@id":"https:\/\/www.vaticano.com\/es\/10-santuarios-extraordinarios-para-visitar-en-diciembre\/#primaryimage"},"thumbnailUrl":"https:\/\/www.vaticano.com\/wp-content\/uploads\/2019\/12\/torino-i-cinque-santuari-maggiori-in-italia-luoghi-di-bellezza-e-culto-1920x1080.jpg","keywords":["10 santuarios extraordinarios","abad\u00edas","Bas\u00edlica Catedral Santa Maria Nuova-Monreale","Bas\u00edlica de San Antonio de Padua","Bas\u00edlica de San Francisco de As\u00eds","Catedral de Santa Mar\u00eda Asunta-Orvieto","iglesias","Santuario de la Santa Casa de Loreto","Santuario de la Verna","Santuario Santa Maria ad Gratias","santuarios"],"articleSection":["Desde los santuarios","Noticias","Profundizaciones"],"inLanguage":"es"},{"@type":"WebPage","@id":"https:\/\/www.vaticano.com\/es\/10-santuarios-extraordinarios-para-visitar-en-diciembre\/","url":"https:\/\/www.vaticano.com\/es\/10-santuarios-extraordinarios-para-visitar-en-diciembre\/","name":"Turismo Religioso: 10 santuarios extraordinarios para visitar en diciembre","isPartOf":{"@id":"https:\/\/www.vaticano.com\/#website"},"primaryImageOfPage":{"@id":"https:\/\/www.vaticano.com\/es\/10-santuarios-extraordinarios-para-visitar-en-diciembre\/#primaryimage"},"image":{"@id":"https:\/\/www.vaticano.com\/es\/10-santuarios-extraordinarios-para-visitar-en-diciembre\/#primaryimage"},"thumbnailUrl":"https:\/\/www.vaticano.com\/wp-content\/uploads\/2019\/12\/torino-i-cinque-santuari-maggiori-in-italia-luoghi-di-bellezza-e-culto-1920x1080.jpg","datePublished":"2019-10-08T13:41:25+00:00","dateModified":"2026-07-20T07:36:29+00:00","description":"Las catedrales m\u00e1s bellas de la Pen\u00ednsula seg\u00fan el principal portal de turismo religioso italiano; historia, curiosidades y toda la informaci\u00f3n para organizar su visita.","breadcrumb":{"@id":"https:\/\/www.vaticano.com\/es\/10-santuarios-extraordinarios-para-visitar-en-diciembre\/#breadcrumb"},"inLanguage":"es","potentialAction":[{"@type":"ReadAction","target":["https:\/\/www.vaticano.com\/es\/10-santuarios-extraordinarios-para-visitar-en-diciembre\/"]}]},{"@type":"ImageObject","inLanguage":"es","@id":"https:\/\/www.vaticano.com\/es\/10-santuarios-extraordinarios-para-visitar-en-diciembre\/#primaryimage","url":"https:\/\/www.vaticano.com\/wp-content\/uploads\/2019\/12\/torino-i-cinque-santuari-maggiori-in-italia-luoghi-di-bellezza-e-culto-1920x1080.jpg","contentUrl":"https:\/\/www.vaticano.com\/wp-content\/uploads\/2019\/12\/torino-i-cinque-santuari-maggiori-in-italia-luoghi-di-bellezza-e-culto-1920x1080.jpg","width":1920,"height":1080},{"@type":"BreadcrumbList","@id":"https:\/\/www.vaticano.com\/es\/10-santuarios-extraordinarios-para-visitar-en-diciembre\/#breadcrumb","itemListElement":[{"@type":"ListItem","position":1,"name":"Home","item":"https:\/\/www.vaticano.com\/es\/vaticano-com-religious-tourism-shrines-news\/"},{"@type":"ListItem","position":2,"name":"10 santuarios extraordinarios para visitar en diciembre"}]},{"@type":"WebSite","@id":"https:\/\/www.vaticano.com\/#website","url":"https:\/\/www.vaticano.com\/","name":"Vaticano.com","description":"Turismo Religioso, Santuari, Notizie dal mondo cattolico","publisher":{"@id":"https:\/\/www.vaticano.com\/#organization"},"potentialAction":[{"@type":"SearchAction","target":{"@type":"EntryPoint","urlTemplate":"https:\/\/www.vaticano.com\/?s={search_term_string}"},"query-input":{"@type":"PropertyValueSpecification","valueRequired":true,"valueName":"search_term_string"}}],"inLanguage":"es"},{"@type":"Organization","@id":"https:\/\/www.vaticano.com\/#organization","name":"Vaticano.com","url":"https:\/\/www.vaticano.com\/","logo":{"@type":"ImageObject","inLanguage":"es","@id":"https:\/\/www.vaticano.com\/#\/schema\/logo\/image\/","url":"https:\/\/www.vaticano.com\/wp-content\/uploads\/2026\/05\/vaticano-1.png","contentUrl":"https:\/\/www.vaticano.com\/wp-content\/uploads\/2026\/05\/vaticano-1.png","width":600,"height":150,"caption":"Vaticano.com"},"image":{"@id":"https:\/\/www.vaticano.com\/#\/schema\/logo\/image\/"}},{"@type":"Person","@id":"https:\/\/www.vaticano.com\/#\/schema\/person\/58fa8fac2b17fef19acffa28e69b373e","name":"Franco Collodet","description":"Sociologo e scrittore. Studi specialistici in Scienze Storico-Antropologiche delle Religioni. Master presso la Scuola Superiore di Filosofia Orientale e Comparativa di Rimini. Esperto dei cammini religiosi in Europa e in Medio Oriente.","url":"https:\/\/www.vaticano.com\/es\/author\/francoooo\/"}]}},"_links":{"self":[{"href":"https:\/\/www.vaticano.com\/es\/wp-json\/wp\/v2\/posts\/5675","targetHints":{"allow":["GET"]}}],"collection":[{"href":"https:\/\/www.vaticano.com\/es\/wp-json\/wp\/v2\/posts"}],"about":[{"href":"https:\/\/www.vaticano.com\/es\/wp-json\/wp\/v2\/types\/post"}],"author":[{"embeddable":true,"href":"https:\/\/www.vaticano.com\/es\/wp-json\/wp\/v2\/users\/4"}],"replies":[{"embeddable":true,"href":"https:\/\/www.vaticano.com\/es\/wp-json\/wp\/v2\/comments?post=5675"}],"version-history":[{"count":0,"href":"https:\/\/www.vaticano.com\/es\/wp-json\/wp\/v2\/posts\/5675\/revisions"}],"wp:featuredmedia":[{"embeddable":true,"href":"https:\/\/www.vaticano.com\/es\/wp-json\/wp\/v2\/media\/15678"}],"wp:attachment":[{"href":"https:\/\/www.vaticano.com\/es\/wp-json\/wp\/v2\/media?parent=5675"}],"wp:term":[{"taxonomy":"category","embeddable":true,"href":"https:\/\/www.vaticano.com\/es\/wp-json\/wp\/v2\/categories?post=5675"},{"taxonomy":"post_tag","embeddable":true,"href":"https:\/\/www.vaticano.com\/es\/wp-json\/wp\/v2\/tags?post=5675"}],"curies":[{"name":"wp","href":"https:\/\/api.w.org\/{rel}","templated":true}]}}