{"id":16123,"date":"2026-07-28T03:15:03","date_gmt":"2026-07-28T01:15:03","guid":{"rendered":"https:\/\/www.vaticano.com\/preghiera-dellanima-innamorata-lars-amatoria-mistica-di-san-giovanni-della-croce\/"},"modified":"2026-07-31T15:01:09","modified_gmt":"2026-07-31T13:01:09","slug":"oracao-da-alma-apaixonada-a-ars-amatoria-mistica-de-sao-joao-da-cruz","status":"publish","type":"post","link":"https:\/\/www.vaticano.com\/pt-pt\/oracao-da-alma-apaixonada-a-ars-amatoria-mistica-de-sao-joao-da-cruz\/","title":{"rendered":"Ora\u00e7\u00e3o da alma apaixonada: A ars amatoria m\u00edstica de S\u00e3o Jo\u00e3o da Cruz"},"content":{"rendered":"\n<h1>Ora\u00e7\u00e3o da alma apaixonada &#8211; S\u00e3o Jo\u00e3o da Cruz<\/h1><blockquote style=\"background: #FFFDF9;border-left: 4px solid #CF9D14;padding: 25px;margin: 25px 0;font-style: italic;font-size: 1.25rem;line-height: 1.8;color: #2d3748;border-radius: 0 8px 8px 0\">\u00d3 alma que te d\u00e1s por bela entre todas as criaturas,<br>sabes onde est\u00e1 o teu dileto<br>e onde est\u00e1 o teu amor,<br>por que n\u00e3o o procuras<br>e n\u00e3o o moves do teu peito?<br><br>Gozar\u00e1s e alegrar-te-\u00e1s no teu esposo secreto,<br>pois t\u00ea-lo-\u00e1s t\u00e3o pr\u00f3ximo<br>que habita no teu peito.<br>L\u00e1 o adorar\u00e1s com afeto<br>e l\u00e1 o gozar\u00e1s com deleite.<\/blockquote><p>A &#8220;Ora\u00e7\u00e3o da alma apaixonada&#8221; \u00e9 um dos textos espirituais mais intensos e luminosos deixados por S\u00e3o Jo\u00e3o da Cruz (Juan de Yepes \u00c1lvarez), cofundador da Ordem dos Carmelitas Descal\u00e7os juntamente com Santa Teresa de \u00c1vila e Doutor da Igreja. Escrita no s\u00e9culo XVI, durante o apogeu do Siglo de Oro espanhol, esta ora\u00e7\u00e3o insere-se na grande tradi\u00e7\u00e3o m\u00edstica crist\u00e3, que utiliza a linguagem e as met\u00e1foras do C\u00e2ntico dos C\u00e2nticos para descrever a uni\u00e3o profunda entre a alma humana e o Criador, concebidos como Esposo e Esposa.<\/p><p>Do ponto de vista hist\u00f3rico e biogr\u00e1fico, S\u00e3o Jo\u00e3o da Cruz comp\u00f4s estas l\u00edricas e os respetivos coment\u00e1rios teol\u00f3gicos durante os seus anos de extrema prova\u00e7\u00e3o, incluindo a dram\u00e1tica deten\u00e7\u00e3o na pris\u00e3o conventual de Toledo, onde foi encarcerado pelos seus pr\u00f3prios confrades devido \u00e0s reformas da Ordem. Apesar das priva\u00e7\u00f5es corporais e da solid\u00e3o, a sua interioridade floresceu numa profunda liberdade espiritual. A ora\u00e7\u00e3o reflete precisamente este n\u00facleo teol\u00f3gico: a interioriza\u00e7\u00e3o da presen\u00e7a divina. Para o m\u00edstico espanhol, Deus n\u00e3o \u00e9 uma entidade distante a alcan\u00e7ar atrav\u00e9s de esfor\u00e7os externos \u00e1rduos, mas habita no \u00edntimo mais profundo do ser humano, no &#8220;centro da alma&#8221;.<\/p><p>Teologicamente, o texto \u00e9 um convite vibrante \u00e0 consci\u00eancia e \u00e0 contempla\u00e7\u00e3o. A interroga\u00e7\u00e3o inicial (&#8220;sabes onde est\u00e1 o teu amado&#8230;&#8221;) desperta o crente da ac\u00eddia espiritual, lembrando-lhe que a procura de Deus coincide com a descoberta da Sua presen\u00e7a a habitar dentro de n\u00f3s. Curiosamente, S\u00e3o Jo\u00e3o utilizava frequentemente a poesia como ve\u00edculo para expressar o que a prosa teol\u00f3gica n\u00e3o conseguia captar plenamente: a inefabilidade da experi\u00eancia m\u00edstica. Esta ora\u00e7\u00e3o permanece ainda hoje um guia valioso para qualquer pessoa que deseje cultivar a vida interior e o sil\u00eancio contemplativo no meio do ru\u00eddo do mundo moderno.<\/p>\n","protected":false},"excerpt":{"rendered":"<p>Uma an\u00e1lise teol\u00f3gica e hist\u00f3rica da Ora\u00e7\u00e3o da alma apaixonada de S\u00e3o Jo\u00e3o da Cruz, que explora o tema da presen\u00e7a de Deus no profundo do ser humano atrav\u00e9s da m\u00edstica esponsal.<\/p>\n","protected":false},"author":43,"featured_media":16061,"comment_status":"open","ping_status":"open","sticky":false,"template":"","format":"standard","meta":{"footnotes":""},"categories":[4822,4825],"tags":[],"class_list":["post-16123","post","type-post","status-publish","format-standard","has-post-thumbnail","hentry","category-oracoes","category-oracoes-dos-grandes-santos-e-misticos"],"blocksy_meta":[],"yoast_head":"<!-- This site is optimized with the Yoast SEO plugin v28.4 - https:\/\/yoast.com\/product\/yoast-seo-wordpress\/ -->\n<title>Ora\u00e7\u00e3o da alma apaixonada: A ars amatoria m\u00edstica de S\u00e3o Jo\u00e3o da Cruz - Vaticano.com<\/title>\n<meta name=\"robots\" content=\"index, follow, max-snippet:-1, max-image-preview:large, max-video-preview:-1\" \/>\n<link rel=\"canonical\" href=\"https:\/\/www.vaticano.com\/pt-pt\/oracao-da-alma-apaixonada-a-ars-amatoria-mistica-de-sao-joao-da-cruz\/\" \/>\n<meta property=\"og:locale\" content=\"pt_PT\" \/>\n<meta property=\"og:type\" content=\"article\" \/>\n<meta property=\"og:title\" content=\"Ora\u00e7\u00e3o da alma apaixonada: A ars amatoria m\u00edstica de S\u00e3o Jo\u00e3o da Cruz - Vaticano.com\" \/>\n<meta property=\"og:description\" content=\"Uma an\u00e1lise teol\u00f3gica e hist\u00f3rica da Ora\u00e7\u00e3o da alma apaixonada de S\u00e3o Jo\u00e3o da Cruz, que explora o tema da presen\u00e7a de Deus no profundo do ser humano atrav\u00e9s da m\u00edstica esponsal.\" \/>\n<meta property=\"og:url\" content=\"https:\/\/www.vaticano.com\/pt-pt\/oracao-da-alma-apaixonada-a-ars-amatoria-mistica-de-sao-joao-da-cruz\/\" \/>\n<meta property=\"og:site_name\" content=\"Vaticano.com\" \/>\n<meta property=\"article:published_time\" content=\"2026-07-28T01:15:03+00:00\" \/>\n<meta property=\"article:modified_time\" content=\"2026-07-31T13:01:09+00:00\" \/>\n<meta property=\"og:image\" content=\"https:\/\/www.vaticano.com\/wp-content\/uploads\/2026\/07\/preghiera_94_1785159321.jpg\" \/>\n\t<meta property=\"og:image:width\" content=\"1500\" \/>\n\t<meta property=\"og:image:height\" content=\"1500\" \/>\n\t<meta property=\"og:image:type\" content=\"image\/jpeg\" \/>\n<meta name=\"author\" content=\"Padre Bernardo\" \/>\n<meta name=\"twitter:card\" content=\"summary_large_image\" \/>\n<meta name=\"twitter:label1\" content=\"Escrito por\" \/>\n\t<meta name=\"twitter:data1\" content=\"Padre Bernardo\" \/>\n\t<meta name=\"twitter:label2\" content=\"Tempo estimado de leitura\" \/>\n\t<meta name=\"twitter:data2\" content=\"2 minutos\" \/>\n<script type=\"application\/ld+json\" class=\"yoast-schema-graph\">{\"@context\":\"https:\\\/\\\/schema.org\",\"@graph\":[{\"@type\":\"Article\",\"@id\":\"https:\\\/\\\/www.vaticano.com\\\/pt-pt\\\/oracao-da-alma-apaixonada-a-ars-amatoria-mistica-de-sao-joao-da-cruz\\\/#article\",\"isPartOf\":{\"@id\":\"https:\\\/\\\/www.vaticano.com\\\/pt-pt\\\/oracao-da-alma-apaixonada-a-ars-amatoria-mistica-de-sao-joao-da-cruz\\\/\"},\"author\":{\"name\":\"Padre Bernardo\",\"@id\":\"https:\\\/\\\/www.vaticano.com\\\/#\\\/schema\\\/person\\\/5e19ba52fdb505adeb6b55fe216cce3b\"},\"headline\":\"Ora\u00e7\u00e3o da alma apaixonada: A ars amatoria m\u00edstica de S\u00e3o Jo\u00e3o da Cruz\",\"datePublished\":\"2026-07-28T01:15:03+00:00\",\"dateModified\":\"2026-07-31T13:01:09+00:00\",\"mainEntityOfPage\":{\"@id\":\"https:\\\/\\\/www.vaticano.com\\\/pt-pt\\\/oracao-da-alma-apaixonada-a-ars-amatoria-mistica-de-sao-joao-da-cruz\\\/\"},\"wordCount\":435,\"commentCount\":0,\"publisher\":{\"@id\":\"https:\\\/\\\/www.vaticano.com\\\/#organization\"},\"image\":{\"@id\":\"https:\\\/\\\/www.vaticano.com\\\/pt-pt\\\/oracao-da-alma-apaixonada-a-ars-amatoria-mistica-de-sao-joao-da-cruz\\\/#primaryimage\"},\"thumbnailUrl\":\"https:\\\/\\\/www.vaticano.com\\\/wp-content\\\/uploads\\\/2026\\\/07\\\/preghiera_94_1785159321.jpg\",\"articleSection\":[\"Ora\u00e7\u00f5es\",\"Ora\u00e7\u00f5es dos Grandes Santos e M\u00edsticos\"],\"inLanguage\":\"pt-PT\",\"potentialAction\":[{\"@type\":\"CommentAction\",\"name\":\"Comment\",\"target\":[\"https:\\\/\\\/www.vaticano.com\\\/pt-pt\\\/oracao-da-alma-apaixonada-a-ars-amatoria-mistica-de-sao-joao-da-cruz\\\/#respond\"]}]},{\"@type\":\"WebPage\",\"@id\":\"https:\\\/\\\/www.vaticano.com\\\/pt-pt\\\/oracao-da-alma-apaixonada-a-ars-amatoria-mistica-de-sao-joao-da-cruz\\\/\",\"url\":\"https:\\\/\\\/www.vaticano.com\\\/pt-pt\\\/oracao-da-alma-apaixonada-a-ars-amatoria-mistica-de-sao-joao-da-cruz\\\/\",\"name\":\"Ora\u00e7\u00e3o da alma apaixonada: A ars amatoria m\u00edstica de S\u00e3o Jo\u00e3o da Cruz - Vaticano.com\",\"isPartOf\":{\"@id\":\"https:\\\/\\\/www.vaticano.com\\\/#website\"},\"primaryImageOfPage\":{\"@id\":\"https:\\\/\\\/www.vaticano.com\\\/pt-pt\\\/oracao-da-alma-apaixonada-a-ars-amatoria-mistica-de-sao-joao-da-cruz\\\/#primaryimage\"},\"image\":{\"@id\":\"https:\\\/\\\/www.vaticano.com\\\/pt-pt\\\/oracao-da-alma-apaixonada-a-ars-amatoria-mistica-de-sao-joao-da-cruz\\\/#primaryimage\"},\"thumbnailUrl\":\"https:\\\/\\\/www.vaticano.com\\\/wp-content\\\/uploads\\\/2026\\\/07\\\/preghiera_94_1785159321.jpg\",\"datePublished\":\"2026-07-28T01:15:03+00:00\",\"dateModified\":\"2026-07-31T13:01:09+00:00\",\"breadcrumb\":{\"@id\":\"https:\\\/\\\/www.vaticano.com\\\/pt-pt\\\/oracao-da-alma-apaixonada-a-ars-amatoria-mistica-de-sao-joao-da-cruz\\\/#breadcrumb\"},\"inLanguage\":\"pt-PT\",\"potentialAction\":[{\"@type\":\"ReadAction\",\"target\":[\"https:\\\/\\\/www.vaticano.com\\\/pt-pt\\\/oracao-da-alma-apaixonada-a-ars-amatoria-mistica-de-sao-joao-da-cruz\\\/\"]}]},{\"@type\":\"ImageObject\",\"inLanguage\":\"pt-PT\",\"@id\":\"https:\\\/\\\/www.vaticano.com\\\/pt-pt\\\/oracao-da-alma-apaixonada-a-ars-amatoria-mistica-de-sao-joao-da-cruz\\\/#primaryimage\",\"url\":\"https:\\\/\\\/www.vaticano.com\\\/wp-content\\\/uploads\\\/2026\\\/07\\\/preghiera_94_1785159321.jpg\",\"contentUrl\":\"https:\\\/\\\/www.vaticano.com\\\/wp-content\\\/uploads\\\/2026\\\/07\\\/preghiera_94_1785159321.jpg\",\"width\":1500,\"height\":1500},{\"@type\":\"BreadcrumbList\",\"@id\":\"https:\\\/\\\/www.vaticano.com\\\/pt-pt\\\/oracao-da-alma-apaixonada-a-ars-amatoria-mistica-de-sao-joao-da-cruz\\\/#breadcrumb\",\"itemListElement\":[{\"@type\":\"ListItem\",\"position\":1,\"name\":\"Home\",\"item\":\"https:\\\/\\\/www.vaticano.com\\\/pt-pt\\\/vaticano-com-religious-tourism-shrines-news\\\/\"},{\"@type\":\"ListItem\",\"position\":2,\"name\":\"Ora\u00e7\u00e3o da alma apaixonada: A ars amatoria m\u00edstica de S\u00e3o Jo\u00e3o da Cruz\"}]},{\"@type\":\"WebSite\",\"@id\":\"https:\\\/\\\/www.vaticano.com\\\/#website\",\"url\":\"https:\\\/\\\/www.vaticano.com\\\/\",\"name\":\"Vaticano.com\",\"description\":\"Turismo Religioso, Santuari, Notizie dal mondo cattolico\",\"publisher\":{\"@id\":\"https:\\\/\\\/www.vaticano.com\\\/#organization\"},\"potentialAction\":[{\"@type\":\"SearchAction\",\"target\":{\"@type\":\"EntryPoint\",\"urlTemplate\":\"https:\\\/\\\/www.vaticano.com\\\/?s={search_term_string}\"},\"query-input\":{\"@type\":\"PropertyValueSpecification\",\"valueRequired\":true,\"valueName\":\"search_term_string\"}}],\"inLanguage\":\"pt-PT\"},{\"@type\":\"Organization\",\"@id\":\"https:\\\/\\\/www.vaticano.com\\\/#organization\",\"name\":\"Vaticano.com\",\"url\":\"https:\\\/\\\/www.vaticano.com\\\/\",\"logo\":{\"@type\":\"ImageObject\",\"inLanguage\":\"pt-PT\",\"@id\":\"https:\\\/\\\/www.vaticano.com\\\/#\\\/schema\\\/logo\\\/image\\\/\",\"url\":\"https:\\\/\\\/www.vaticano.com\\\/wp-content\\\/uploads\\\/2026\\\/05\\\/vaticano-1.png\",\"contentUrl\":\"https:\\\/\\\/www.vaticano.com\\\/wp-content\\\/uploads\\\/2026\\\/05\\\/vaticano-1.png\",\"width\":600,\"height\":150,\"caption\":\"Vaticano.com\"},\"image\":{\"@id\":\"https:\\\/\\\/www.vaticano.com\\\/#\\\/schema\\\/logo\\\/image\\\/\"}},{\"@type\":\"Person\",\"@id\":\"https:\\\/\\\/www.vaticano.com\\\/#\\\/schema\\\/person\\\/5e19ba52fdb505adeb6b55fe216cce3b\",\"name\":\"Padre Bernardo\",\"description\":\"Frate Minore Francescano, teologo e custode della tradizione liturgica. Dedica la sua vita alla preghiera contemplativa e allo studio delle vite dei Santi. Attraverso le sue riflessioni, guida i fedeli alla riscoperta delle radici pi\u00f9 profonde della devozione cattolica e delle grandi suppliche della tradizione ecclesiale, unendo l'umilt\u00e0 francescana al rigore dottrinale.\",\"url\":\"https:\\\/\\\/www.vaticano.com\\\/pt-pt\\\/author\\\/padrebernardo\\\/\"}]}<\/script>\n<!-- \/ Yoast SEO plugin. -->","yoast_head_json":{"title":"Ora\u00e7\u00e3o da alma apaixonada: A ars amatoria m\u00edstica de S\u00e3o Jo\u00e3o da Cruz - Vaticano.com","robots":{"index":"index","follow":"follow","max-snippet":"max-snippet:-1","max-image-preview":"max-image-preview:large","max-video-preview":"max-video-preview:-1"},"canonical":"https:\/\/www.vaticano.com\/pt-pt\/oracao-da-alma-apaixonada-a-ars-amatoria-mistica-de-sao-joao-da-cruz\/","og_locale":"pt_PT","og_type":"article","og_title":"Ora\u00e7\u00e3o da alma apaixonada: A ars amatoria m\u00edstica de S\u00e3o Jo\u00e3o da Cruz - Vaticano.com","og_description":"Uma an\u00e1lise teol\u00f3gica e hist\u00f3rica da Ora\u00e7\u00e3o da alma apaixonada de S\u00e3o Jo\u00e3o da Cruz, que explora o tema da presen\u00e7a de Deus no profundo do ser humano atrav\u00e9s da m\u00edstica esponsal.","og_url":"https:\/\/www.vaticano.com\/pt-pt\/oracao-da-alma-apaixonada-a-ars-amatoria-mistica-de-sao-joao-da-cruz\/","og_site_name":"Vaticano.com","article_published_time":"2026-07-28T01:15:03+00:00","article_modified_time":"2026-07-31T13:01:09+00:00","og_image":[{"width":1500,"height":1500,"url":"https:\/\/www.vaticano.com\/wp-content\/uploads\/2026\/07\/preghiera_94_1785159321.jpg","type":"image\/jpeg"}],"author":"Padre Bernardo","twitter_card":"summary_large_image","twitter_misc":{"Escrito por":"Padre Bernardo","Tempo estimado de leitura":"2 minutos"},"schema":{"@context":"https:\/\/schema.org","@graph":[{"@type":"Article","@id":"https:\/\/www.vaticano.com\/pt-pt\/oracao-da-alma-apaixonada-a-ars-amatoria-mistica-de-sao-joao-da-cruz\/#article","isPartOf":{"@id":"https:\/\/www.vaticano.com\/pt-pt\/oracao-da-alma-apaixonada-a-ars-amatoria-mistica-de-sao-joao-da-cruz\/"},"author":{"name":"Padre Bernardo","@id":"https:\/\/www.vaticano.com\/#\/schema\/person\/5e19ba52fdb505adeb6b55fe216cce3b"},"headline":"Ora\u00e7\u00e3o da alma apaixonada: A ars amatoria m\u00edstica de S\u00e3o Jo\u00e3o da Cruz","datePublished":"2026-07-28T01:15:03+00:00","dateModified":"2026-07-31T13:01:09+00:00","mainEntityOfPage":{"@id":"https:\/\/www.vaticano.com\/pt-pt\/oracao-da-alma-apaixonada-a-ars-amatoria-mistica-de-sao-joao-da-cruz\/"},"wordCount":435,"commentCount":0,"publisher":{"@id":"https:\/\/www.vaticano.com\/#organization"},"image":{"@id":"https:\/\/www.vaticano.com\/pt-pt\/oracao-da-alma-apaixonada-a-ars-amatoria-mistica-de-sao-joao-da-cruz\/#primaryimage"},"thumbnailUrl":"https:\/\/www.vaticano.com\/wp-content\/uploads\/2026\/07\/preghiera_94_1785159321.jpg","articleSection":["Ora\u00e7\u00f5es","Ora\u00e7\u00f5es dos Grandes Santos e M\u00edsticos"],"inLanguage":"pt-PT","potentialAction":[{"@type":"CommentAction","name":"Comment","target":["https:\/\/www.vaticano.com\/pt-pt\/oracao-da-alma-apaixonada-a-ars-amatoria-mistica-de-sao-joao-da-cruz\/#respond"]}]},{"@type":"WebPage","@id":"https:\/\/www.vaticano.com\/pt-pt\/oracao-da-alma-apaixonada-a-ars-amatoria-mistica-de-sao-joao-da-cruz\/","url":"https:\/\/www.vaticano.com\/pt-pt\/oracao-da-alma-apaixonada-a-ars-amatoria-mistica-de-sao-joao-da-cruz\/","name":"Ora\u00e7\u00e3o da alma apaixonada: A ars amatoria m\u00edstica de S\u00e3o Jo\u00e3o da Cruz - Vaticano.com","isPartOf":{"@id":"https:\/\/www.vaticano.com\/#website"},"primaryImageOfPage":{"@id":"https:\/\/www.vaticano.com\/pt-pt\/oracao-da-alma-apaixonada-a-ars-amatoria-mistica-de-sao-joao-da-cruz\/#primaryimage"},"image":{"@id":"https:\/\/www.vaticano.com\/pt-pt\/oracao-da-alma-apaixonada-a-ars-amatoria-mistica-de-sao-joao-da-cruz\/#primaryimage"},"thumbnailUrl":"https:\/\/www.vaticano.com\/wp-content\/uploads\/2026\/07\/preghiera_94_1785159321.jpg","datePublished":"2026-07-28T01:15:03+00:00","dateModified":"2026-07-31T13:01:09+00:00","breadcrumb":{"@id":"https:\/\/www.vaticano.com\/pt-pt\/oracao-da-alma-apaixonada-a-ars-amatoria-mistica-de-sao-joao-da-cruz\/#breadcrumb"},"inLanguage":"pt-PT","potentialAction":[{"@type":"ReadAction","target":["https:\/\/www.vaticano.com\/pt-pt\/oracao-da-alma-apaixonada-a-ars-amatoria-mistica-de-sao-joao-da-cruz\/"]}]},{"@type":"ImageObject","inLanguage":"pt-PT","@id":"https:\/\/www.vaticano.com\/pt-pt\/oracao-da-alma-apaixonada-a-ars-amatoria-mistica-de-sao-joao-da-cruz\/#primaryimage","url":"https:\/\/www.vaticano.com\/wp-content\/uploads\/2026\/07\/preghiera_94_1785159321.jpg","contentUrl":"https:\/\/www.vaticano.com\/wp-content\/uploads\/2026\/07\/preghiera_94_1785159321.jpg","width":1500,"height":1500},{"@type":"BreadcrumbList","@id":"https:\/\/www.vaticano.com\/pt-pt\/oracao-da-alma-apaixonada-a-ars-amatoria-mistica-de-sao-joao-da-cruz\/#breadcrumb","itemListElement":[{"@type":"ListItem","position":1,"name":"Home","item":"https:\/\/www.vaticano.com\/pt-pt\/vaticano-com-religious-tourism-shrines-news\/"},{"@type":"ListItem","position":2,"name":"Ora\u00e7\u00e3o da alma apaixonada: A ars amatoria m\u00edstica de S\u00e3o Jo\u00e3o da Cruz"}]},{"@type":"WebSite","@id":"https:\/\/www.vaticano.com\/#website","url":"https:\/\/www.vaticano.com\/","name":"Vaticano.com","description":"Turismo Religioso, Santuari, Notizie dal mondo cattolico","publisher":{"@id":"https:\/\/www.vaticano.com\/#organization"},"potentialAction":[{"@type":"SearchAction","target":{"@type":"EntryPoint","urlTemplate":"https:\/\/www.vaticano.com\/?s={search_term_string}"},"query-input":{"@type":"PropertyValueSpecification","valueRequired":true,"valueName":"search_term_string"}}],"inLanguage":"pt-PT"},{"@type":"Organization","@id":"https:\/\/www.vaticano.com\/#organization","name":"Vaticano.com","url":"https:\/\/www.vaticano.com\/","logo":{"@type":"ImageObject","inLanguage":"pt-PT","@id":"https:\/\/www.vaticano.com\/#\/schema\/logo\/image\/","url":"https:\/\/www.vaticano.com\/wp-content\/uploads\/2026\/05\/vaticano-1.png","contentUrl":"https:\/\/www.vaticano.com\/wp-content\/uploads\/2026\/05\/vaticano-1.png","width":600,"height":150,"caption":"Vaticano.com"},"image":{"@id":"https:\/\/www.vaticano.com\/#\/schema\/logo\/image\/"}},{"@type":"Person","@id":"https:\/\/www.vaticano.com\/#\/schema\/person\/5e19ba52fdb505adeb6b55fe216cce3b","name":"Padre Bernardo","description":"Frate Minore Francescano, teologo e custode della tradizione liturgica. Dedica la sua vita alla preghiera contemplativa e allo studio delle vite dei Santi. Attraverso le sue riflessioni, guida i fedeli alla riscoperta delle radici pi\u00f9 profonde della devozione cattolica e delle grandi suppliche della tradizione ecclesiale, unendo l'umilt\u00e0 francescana al rigore dottrinale.","url":"https:\/\/www.vaticano.com\/pt-pt\/author\/padrebernardo\/"}]}},"_links":{"self":[{"href":"https:\/\/www.vaticano.com\/pt-pt\/wp-json\/wp\/v2\/posts\/16123","targetHints":{"allow":["GET"]}}],"collection":[{"href":"https:\/\/www.vaticano.com\/pt-pt\/wp-json\/wp\/v2\/posts"}],"about":[{"href":"https:\/\/www.vaticano.com\/pt-pt\/wp-json\/wp\/v2\/types\/post"}],"author":[{"embeddable":true,"href":"https:\/\/www.vaticano.com\/pt-pt\/wp-json\/wp\/v2\/users\/43"}],"replies":[{"embeddable":true,"href":"https:\/\/www.vaticano.com\/pt-pt\/wp-json\/wp\/v2\/comments?post=16123"}],"version-history":[{"count":0,"href":"https:\/\/www.vaticano.com\/pt-pt\/wp-json\/wp\/v2\/posts\/16123\/revisions"}],"wp:featuredmedia":[{"embeddable":true,"href":"https:\/\/www.vaticano.com\/pt-pt\/wp-json\/wp\/v2\/media\/16061"}],"wp:attachment":[{"href":"https:\/\/www.vaticano.com\/pt-pt\/wp-json\/wp\/v2\/media?parent=16123"}],"wp:term":[{"taxonomy":"category","embeddable":true,"href":"https:\/\/www.vaticano.com\/pt-pt\/wp-json\/wp\/v2\/categories?post=16123"},{"taxonomy":"post_tag","embeddable":true,"href":"https:\/\/www.vaticano.com\/pt-pt\/wp-json\/wp\/v2\/tags?post=16123"}],"curies":[{"name":"wp","href":"https:\/\/api.w.org\/{rel}","templated":true}]}}