{"id":16380,"date":"2026-08-27T03:15:02","date_gmt":"2026-08-27T01:15:02","guid":{"rendered":"https:\/\/www.vaticano.com\/preghiera-a-santa-chiara-dassisi-per-la-pace-in-famiglia-unione-e-riconciliazione-domestica\/"},"modified":"2026-08-28T12:40:25","modified_gmt":"2026-08-28T10:40:25","slug":"oracao-a-santa-clara-de-assis-pela-paz-na-familia-uniao-e-reconciliacao-domestica","status":"publish","type":"post","link":"https:\/\/www.vaticano.com\/pt-pt\/oracao-a-santa-clara-de-assis-pela-paz-na-familia-uniao-e-reconciliacao-domestica\/","title":{"rendered":"Ora\u00e7\u00e3o a Santa Clara de Assis pela paz na fam\u00edlia: Uni\u00e3o e Reconcilia\u00e7\u00e3o dom\u00e9stica"},"content":{"rendered":"\n<h1>Ora\u00e7\u00e3o a Santa Clara de Assis pela paz na fam\u00edlia<\/h1><blockquote style=\"background: #FFFDF9;border-left: 4px solid #CF9D14;padding: 25px;margin: 25px 0;font-style: italic;font-size: 1.25rem;line-height: 1.8;color: #2d3748;border-radius: 0 8px 8px 0\">\u00d3 gloriosa Santa Clara, m\u00e3e e guia de tantas almas que procuraram Deus,<br>volta o teu olhar benigno sobre n\u00f3s e sobre a nossa fam\u00edlia.<br>Tu que viveste no amor profundo e na harmonia,<br>obt\u00e9m para n\u00f3s, junto do Senhor, o dom inestim\u00e1vel da paz dom\u00e9stica.<br><br>Dissipa qualquer incompreens\u00e3o, extingue qualquer ressentimento e cura as feridas do orgulho e da dor.<br>Ensina cada um de n\u00f3s a perdoar como fomos perdoados,<br>a compreender antes de sermos compreendidos,<br>e a amar com a pr\u00f3pria caridade de Cristo.<br><br>Guarda a nossa casa de toda a divis\u00e3o,<br>para que, unidos no amor e na f\u00e9,<br>possamos ser um reflexo luminoso da Sagrada Fam\u00edlia de Nazar\u00e9.<br>Santa Clara, roga por n\u00f3s e protege a nossa fam\u00edlia agora e sempre.<br>\u00c1men.<\/blockquote><p>A figura de Santa Clara de Assis \u00e9 universalmente associada \u00e0 luz, \u00e0 pobreza evang\u00e9lica e ao seguimento radical de Cristo nas pegadas de S\u00e3o Francisco. Contudo, a tradi\u00e7\u00e3o devocional dos s\u00e9culos seguintes estendeu a sua poderosa intercess\u00e3o tamb\u00e9m \u00e0s din\u00e2micas da vida quotidiana e familiar. Embora Clara tenha escolhido deixar a sua casa nobre e abastada para se encerrar no claustro de S\u00e3o Dami\u00e3o, a sua profunda compreens\u00e3o da comunh\u00e3o fraterna tornou-a um ponto de refer\u00eancia espiritual para invocar a paz dom\u00e9stica. Dentro da comunidade das Pobres Damas (as Clarissas), ela exerceu uma maternidade espiritual feita de escuta, mansid\u00e3o e reconcilia\u00e7\u00e3o constante, elementos que hoje os fi\u00e9is recordam quando invocam o seu nome para sarar as fraturas familiares.<\/p><p>Do ponto de vista teol\u00f3gico, a s\u00faplica a Santa Clara pela fam\u00edlia tem as suas ra\u00edzes no conceito franciscano de fraternidade universal e de paz como um dom messi\u00e2nico. O pedido para &#8216;compreender antes de ser compreendido&#8217; ecoa claramente a c\u00e9lebre ora\u00e7\u00e3o simples atribu\u00edda \u00e0 fam\u00edlia franciscana, elevando as rela\u00e7\u00f5es humanas acima do ego\u00edsmo e do orgulho pessoal. Numa \u00e9poca em que o n\u00facleo familiar \u00e9 frequentemente submetido a fortes press\u00f5es sociais e emocionais, esta devo\u00e7\u00e3o oferece uma chave de leitura espiritual para enfrentar os conflitos quotidianos, transformando a casa numa &#8216;pequena Igreja dom\u00e9stica&#8217; onde reinam o perd\u00e3o m\u00fatuo e a caridade de Cristo.<\/p><p>Uma curiosidade fascinante relacionada com Santa Clara \u00e9 o seu t\u00edtulo de padroeira da televis\u00e3o e das telecomunica\u00e7\u00f5es, proclamado pelo Papa Pio XII em 1958. Este reconhecimento nasceu de um epis\u00f3dio milagroso em que a santa, gravemente doente e impossibilitada de participar na Missa de Natal, p\u00f4de &#8216;ver e ouvir&#8217;, projetada na parede da sua cela, a fun\u00e7\u00e3o religiosa que decorria na Bas\u00edlica de S\u00e3o Francisco. Estendendo este carisma de vis\u00e3o e liga\u00e7\u00e3o espiritual, os devotos gostam de pensar que a sua intercess\u00e3o pode alcan\u00e7ar tamb\u00e9m os cora\u00e7\u00f5es mais distantes e isolados dentro das paredes dom\u00e9sticas, derrubando os muros da incompreens\u00e3o tal como um raio de luz atravessa as trevas.<\/p>\n","protected":false},"excerpt":{"rendered":"<p>Um artigo de aprofundamento teol\u00f3gico e jornal\u00edstico sobre a ora\u00e7\u00e3o a Santa Clara de Assis para invocar a paz, a reconcilia\u00e7\u00e3o e a harmonia no seio da fam\u00edlia.<\/p>\n","protected":false},"author":43,"featured_media":16366,"comment_status":"open","ping_status":"open","sticky":false,"template":"","format":"standard","meta":{"footnotes":""},"categories":[5010,4822],"tags":[],"class_list":["post-16380","post","type-post","status-publish","format-standard","has-post-thumbnail","hentry","category-devocoes-suplicas-e-grandes-pedidos-de-intercessao","category-oracoes"],"blocksy_meta":[],"yoast_head":"<!-- This site is optimized with the Yoast SEO plugin v28.4 - https:\/\/yoast.com\/product\/yoast-seo-wordpress\/ -->\n<title>Ora\u00e7\u00e3o a Santa Clara de Assis pela paz na fam\u00edlia: Uni\u00e3o e Reconcilia\u00e7\u00e3o dom\u00e9stica - Vaticano.com<\/title>\n<meta name=\"robots\" content=\"index, follow, max-snippet:-1, max-image-preview:large, max-video-preview:-1\" \/>\n<link rel=\"canonical\" href=\"https:\/\/www.vaticano.com\/pt-pt\/oracao-a-santa-clara-de-assis-pela-paz-na-familia-uniao-e-reconciliacao-domestica\/\" \/>\n<meta property=\"og:locale\" content=\"pt_PT\" \/>\n<meta property=\"og:type\" content=\"article\" \/>\n<meta property=\"og:title\" content=\"Ora\u00e7\u00e3o a Santa Clara de Assis pela paz na fam\u00edlia: Uni\u00e3o e Reconcilia\u00e7\u00e3o dom\u00e9stica - Vaticano.com\" \/>\n<meta property=\"og:description\" content=\"Um artigo de aprofundamento teol\u00f3gico e jornal\u00edstico sobre a ora\u00e7\u00e3o a Santa Clara de Assis para invocar a paz, a reconcilia\u00e7\u00e3o e a harmonia no seio da fam\u00edlia.\" \/>\n<meta property=\"og:url\" content=\"https:\/\/www.vaticano.com\/pt-pt\/oracao-a-santa-clara-de-assis-pela-paz-na-familia-uniao-e-reconciliacao-domestica\/\" \/>\n<meta property=\"og:site_name\" content=\"Vaticano.com\" \/>\n<meta property=\"article:published_time\" content=\"2026-08-27T01:15:02+00:00\" \/>\n<meta property=\"article:modified_time\" content=\"2026-08-28T10:40:25+00:00\" \/>\n<meta property=\"og:image\" content=\"https:\/\/www.vaticano.com\/wp-content\/uploads\/2026\/08\/preghiera_145_1787751306.jpg\" \/>\n\t<meta property=\"og:image:width\" content=\"1500\" \/>\n\t<meta property=\"og:image:height\" content=\"1500\" \/>\n\t<meta property=\"og:image:type\" content=\"image\/jpeg\" \/>\n<meta name=\"author\" content=\"Padre Bernardo\" \/>\n<meta name=\"twitter:card\" content=\"summary_large_image\" \/>\n<meta name=\"twitter:label1\" content=\"Escrito por\" \/>\n\t<meta name=\"twitter:data1\" content=\"Padre Bernardo\" \/>\n\t<meta name=\"twitter:label2\" content=\"Tempo estimado de leitura\" \/>\n\t<meta name=\"twitter:data2\" content=\"3 minutos\" \/>\n<script type=\"application\/ld+json\" class=\"yoast-schema-graph\">{\"@context\":\"https:\\\/\\\/schema.org\",\"@graph\":[{\"@type\":\"Article\",\"@id\":\"https:\\\/\\\/www.vaticano.com\\\/pt-pt\\\/oracao-a-santa-clara-de-assis-pela-paz-na-familia-uniao-e-reconciliacao-domestica\\\/#article\",\"isPartOf\":{\"@id\":\"https:\\\/\\\/www.vaticano.com\\\/pt-pt\\\/oracao-a-santa-clara-de-assis-pela-paz-na-familia-uniao-e-reconciliacao-domestica\\\/\"},\"author\":{\"name\":\"Padre Bernardo\",\"@id\":\"https:\\\/\\\/www.vaticano.com\\\/#\\\/schema\\\/person\\\/5e19ba52fdb505adeb6b55fe216cce3b\"},\"headline\":\"Ora\u00e7\u00e3o a Santa Clara de Assis pela paz na fam\u00edlia: Uni\u00e3o e Reconcilia\u00e7\u00e3o dom\u00e9stica\",\"datePublished\":\"2026-08-27T01:15:02+00:00\",\"dateModified\":\"2026-08-28T10:40:25+00:00\",\"mainEntityOfPage\":{\"@id\":\"https:\\\/\\\/www.vaticano.com\\\/pt-pt\\\/oracao-a-santa-clara-de-assis-pela-paz-na-familia-uniao-e-reconciliacao-domestica\\\/\"},\"wordCount\":545,\"commentCount\":0,\"publisher\":{\"@id\":\"https:\\\/\\\/www.vaticano.com\\\/#organization\"},\"image\":{\"@id\":\"https:\\\/\\\/www.vaticano.com\\\/pt-pt\\\/oracao-a-santa-clara-de-assis-pela-paz-na-familia-uniao-e-reconciliacao-domestica\\\/#primaryimage\"},\"thumbnailUrl\":\"https:\\\/\\\/www.vaticano.com\\\/wp-content\\\/uploads\\\/2026\\\/08\\\/preghiera_145_1787751306.jpg\",\"articleSection\":[\"Devo\u00e7\u00f5es, S\u00faplicas e Grandes Pedidos de Intercess\u00e3o\",\"Ora\u00e7\u00f5es\"],\"inLanguage\":\"pt-PT\",\"potentialAction\":[{\"@type\":\"CommentAction\",\"name\":\"Comment\",\"target\":[\"https:\\\/\\\/www.vaticano.com\\\/pt-pt\\\/oracao-a-santa-clara-de-assis-pela-paz-na-familia-uniao-e-reconciliacao-domestica\\\/#respond\"]}]},{\"@type\":\"WebPage\",\"@id\":\"https:\\\/\\\/www.vaticano.com\\\/pt-pt\\\/oracao-a-santa-clara-de-assis-pela-paz-na-familia-uniao-e-reconciliacao-domestica\\\/\",\"url\":\"https:\\\/\\\/www.vaticano.com\\\/pt-pt\\\/oracao-a-santa-clara-de-assis-pela-paz-na-familia-uniao-e-reconciliacao-domestica\\\/\",\"name\":\"Ora\u00e7\u00e3o a Santa Clara de Assis pela paz na fam\u00edlia: Uni\u00e3o e Reconcilia\u00e7\u00e3o dom\u00e9stica - Vaticano.com\",\"isPartOf\":{\"@id\":\"https:\\\/\\\/www.vaticano.com\\\/#website\"},\"primaryImageOfPage\":{\"@id\":\"https:\\\/\\\/www.vaticano.com\\\/pt-pt\\\/oracao-a-santa-clara-de-assis-pela-paz-na-familia-uniao-e-reconciliacao-domestica\\\/#primaryimage\"},\"image\":{\"@id\":\"https:\\\/\\\/www.vaticano.com\\\/pt-pt\\\/oracao-a-santa-clara-de-assis-pela-paz-na-familia-uniao-e-reconciliacao-domestica\\\/#primaryimage\"},\"thumbnailUrl\":\"https:\\\/\\\/www.vaticano.com\\\/wp-content\\\/uploads\\\/2026\\\/08\\\/preghiera_145_1787751306.jpg\",\"datePublished\":\"2026-08-27T01:15:02+00:00\",\"dateModified\":\"2026-08-28T10:40:25+00:00\",\"breadcrumb\":{\"@id\":\"https:\\\/\\\/www.vaticano.com\\\/pt-pt\\\/oracao-a-santa-clara-de-assis-pela-paz-na-familia-uniao-e-reconciliacao-domestica\\\/#breadcrumb\"},\"inLanguage\":\"pt-PT\",\"potentialAction\":[{\"@type\":\"ReadAction\",\"target\":[\"https:\\\/\\\/www.vaticano.com\\\/pt-pt\\\/oracao-a-santa-clara-de-assis-pela-paz-na-familia-uniao-e-reconciliacao-domestica\\\/\"]}]},{\"@type\":\"ImageObject\",\"inLanguage\":\"pt-PT\",\"@id\":\"https:\\\/\\\/www.vaticano.com\\\/pt-pt\\\/oracao-a-santa-clara-de-assis-pela-paz-na-familia-uniao-e-reconciliacao-domestica\\\/#primaryimage\",\"url\":\"https:\\\/\\\/www.vaticano.com\\\/wp-content\\\/uploads\\\/2026\\\/08\\\/preghiera_145_1787751306.jpg\",\"contentUrl\":\"https:\\\/\\\/www.vaticano.com\\\/wp-content\\\/uploads\\\/2026\\\/08\\\/preghiera_145_1787751306.jpg\",\"width\":1500,\"height\":1500},{\"@type\":\"BreadcrumbList\",\"@id\":\"https:\\\/\\\/www.vaticano.com\\\/pt-pt\\\/oracao-a-santa-clara-de-assis-pela-paz-na-familia-uniao-e-reconciliacao-domestica\\\/#breadcrumb\",\"itemListElement\":[{\"@type\":\"ListItem\",\"position\":1,\"name\":\"Home\",\"item\":\"https:\\\/\\\/www.vaticano.com\\\/pt-pt\\\/vaticano-com-religious-tourism-shrines-news\\\/\"},{\"@type\":\"ListItem\",\"position\":2,\"name\":\"Ora\u00e7\u00e3o a Santa Clara de Assis pela paz na fam\u00edlia: Uni\u00e3o e Reconcilia\u00e7\u00e3o dom\u00e9stica\"}]},{\"@type\":\"WebSite\",\"@id\":\"https:\\\/\\\/www.vaticano.com\\\/#website\",\"url\":\"https:\\\/\\\/www.vaticano.com\\\/\",\"name\":\"Vaticano.com\",\"description\":\"Turismo Religioso, Santuari, Notizie dal mondo cattolico\",\"publisher\":{\"@id\":\"https:\\\/\\\/www.vaticano.com\\\/#organization\"},\"potentialAction\":[{\"@type\":\"SearchAction\",\"target\":{\"@type\":\"EntryPoint\",\"urlTemplate\":\"https:\\\/\\\/www.vaticano.com\\\/?s={search_term_string}\"},\"query-input\":{\"@type\":\"PropertyValueSpecification\",\"valueRequired\":true,\"valueName\":\"search_term_string\"}}],\"inLanguage\":\"pt-PT\"},{\"@type\":\"Organization\",\"@id\":\"https:\\\/\\\/www.vaticano.com\\\/#organization\",\"name\":\"Vaticano.com\",\"url\":\"https:\\\/\\\/www.vaticano.com\\\/\",\"logo\":{\"@type\":\"ImageObject\",\"inLanguage\":\"pt-PT\",\"@id\":\"https:\\\/\\\/www.vaticano.com\\\/#\\\/schema\\\/logo\\\/image\\\/\",\"url\":\"https:\\\/\\\/www.vaticano.com\\\/wp-content\\\/uploads\\\/2026\\\/05\\\/vaticano-1.png\",\"contentUrl\":\"https:\\\/\\\/www.vaticano.com\\\/wp-content\\\/uploads\\\/2026\\\/05\\\/vaticano-1.png\",\"width\":600,\"height\":150,\"caption\":\"Vaticano.com\"},\"image\":{\"@id\":\"https:\\\/\\\/www.vaticano.com\\\/#\\\/schema\\\/logo\\\/image\\\/\"}},{\"@type\":\"Person\",\"@id\":\"https:\\\/\\\/www.vaticano.com\\\/#\\\/schema\\\/person\\\/5e19ba52fdb505adeb6b55fe216cce3b\",\"name\":\"Padre Bernardo\",\"description\":\"Frate Minore Francescano, teologo e custode della tradizione liturgica. Dedica la sua vita alla preghiera contemplativa e allo studio delle vite dei Santi. Attraverso le sue riflessioni, guida i fedeli alla riscoperta delle radici pi\u00f9 profonde della devozione cattolica e delle grandi suppliche della tradizione ecclesiale, unendo l'umilt\u00e0 francescana al rigore dottrinale.\",\"url\":\"https:\\\/\\\/www.vaticano.com\\\/pt-pt\\\/author\\\/padrebernardo\\\/\"}]}<\/script>\n<!-- \/ Yoast SEO plugin. -->","yoast_head_json":{"title":"Ora\u00e7\u00e3o a Santa Clara de Assis pela paz na fam\u00edlia: Uni\u00e3o e Reconcilia\u00e7\u00e3o dom\u00e9stica - Vaticano.com","robots":{"index":"index","follow":"follow","max-snippet":"max-snippet:-1","max-image-preview":"max-image-preview:large","max-video-preview":"max-video-preview:-1"},"canonical":"https:\/\/www.vaticano.com\/pt-pt\/oracao-a-santa-clara-de-assis-pela-paz-na-familia-uniao-e-reconciliacao-domestica\/","og_locale":"pt_PT","og_type":"article","og_title":"Ora\u00e7\u00e3o a Santa Clara de Assis pela paz na fam\u00edlia: Uni\u00e3o e Reconcilia\u00e7\u00e3o dom\u00e9stica - Vaticano.com","og_description":"Um artigo de aprofundamento teol\u00f3gico e jornal\u00edstico sobre a ora\u00e7\u00e3o a Santa Clara de Assis para invocar a paz, a reconcilia\u00e7\u00e3o e a harmonia no seio da fam\u00edlia.","og_url":"https:\/\/www.vaticano.com\/pt-pt\/oracao-a-santa-clara-de-assis-pela-paz-na-familia-uniao-e-reconciliacao-domestica\/","og_site_name":"Vaticano.com","article_published_time":"2026-08-27T01:15:02+00:00","article_modified_time":"2026-08-28T10:40:25+00:00","og_image":[{"width":1500,"height":1500,"url":"https:\/\/www.vaticano.com\/wp-content\/uploads\/2026\/08\/preghiera_145_1787751306.jpg","type":"image\/jpeg"}],"author":"Padre Bernardo","twitter_card":"summary_large_image","twitter_misc":{"Escrito por":"Padre Bernardo","Tempo estimado de leitura":"3 minutos"},"schema":{"@context":"https:\/\/schema.org","@graph":[{"@type":"Article","@id":"https:\/\/www.vaticano.com\/pt-pt\/oracao-a-santa-clara-de-assis-pela-paz-na-familia-uniao-e-reconciliacao-domestica\/#article","isPartOf":{"@id":"https:\/\/www.vaticano.com\/pt-pt\/oracao-a-santa-clara-de-assis-pela-paz-na-familia-uniao-e-reconciliacao-domestica\/"},"author":{"name":"Padre Bernardo","@id":"https:\/\/www.vaticano.com\/#\/schema\/person\/5e19ba52fdb505adeb6b55fe216cce3b"},"headline":"Ora\u00e7\u00e3o a Santa Clara de Assis pela paz na fam\u00edlia: Uni\u00e3o e Reconcilia\u00e7\u00e3o dom\u00e9stica","datePublished":"2026-08-27T01:15:02+00:00","dateModified":"2026-08-28T10:40:25+00:00","mainEntityOfPage":{"@id":"https:\/\/www.vaticano.com\/pt-pt\/oracao-a-santa-clara-de-assis-pela-paz-na-familia-uniao-e-reconciliacao-domestica\/"},"wordCount":545,"commentCount":0,"publisher":{"@id":"https:\/\/www.vaticano.com\/#organization"},"image":{"@id":"https:\/\/www.vaticano.com\/pt-pt\/oracao-a-santa-clara-de-assis-pela-paz-na-familia-uniao-e-reconciliacao-domestica\/#primaryimage"},"thumbnailUrl":"https:\/\/www.vaticano.com\/wp-content\/uploads\/2026\/08\/preghiera_145_1787751306.jpg","articleSection":["Devo\u00e7\u00f5es, S\u00faplicas e Grandes Pedidos de Intercess\u00e3o","Ora\u00e7\u00f5es"],"inLanguage":"pt-PT","potentialAction":[{"@type":"CommentAction","name":"Comment","target":["https:\/\/www.vaticano.com\/pt-pt\/oracao-a-santa-clara-de-assis-pela-paz-na-familia-uniao-e-reconciliacao-domestica\/#respond"]}]},{"@type":"WebPage","@id":"https:\/\/www.vaticano.com\/pt-pt\/oracao-a-santa-clara-de-assis-pela-paz-na-familia-uniao-e-reconciliacao-domestica\/","url":"https:\/\/www.vaticano.com\/pt-pt\/oracao-a-santa-clara-de-assis-pela-paz-na-familia-uniao-e-reconciliacao-domestica\/","name":"Ora\u00e7\u00e3o a Santa Clara de Assis pela paz na fam\u00edlia: Uni\u00e3o e Reconcilia\u00e7\u00e3o dom\u00e9stica - Vaticano.com","isPartOf":{"@id":"https:\/\/www.vaticano.com\/#website"},"primaryImageOfPage":{"@id":"https:\/\/www.vaticano.com\/pt-pt\/oracao-a-santa-clara-de-assis-pela-paz-na-familia-uniao-e-reconciliacao-domestica\/#primaryimage"},"image":{"@id":"https:\/\/www.vaticano.com\/pt-pt\/oracao-a-santa-clara-de-assis-pela-paz-na-familia-uniao-e-reconciliacao-domestica\/#primaryimage"},"thumbnailUrl":"https:\/\/www.vaticano.com\/wp-content\/uploads\/2026\/08\/preghiera_145_1787751306.jpg","datePublished":"2026-08-27T01:15:02+00:00","dateModified":"2026-08-28T10:40:25+00:00","breadcrumb":{"@id":"https:\/\/www.vaticano.com\/pt-pt\/oracao-a-santa-clara-de-assis-pela-paz-na-familia-uniao-e-reconciliacao-domestica\/#breadcrumb"},"inLanguage":"pt-PT","potentialAction":[{"@type":"ReadAction","target":["https:\/\/www.vaticano.com\/pt-pt\/oracao-a-santa-clara-de-assis-pela-paz-na-familia-uniao-e-reconciliacao-domestica\/"]}]},{"@type":"ImageObject","inLanguage":"pt-PT","@id":"https:\/\/www.vaticano.com\/pt-pt\/oracao-a-santa-clara-de-assis-pela-paz-na-familia-uniao-e-reconciliacao-domestica\/#primaryimage","url":"https:\/\/www.vaticano.com\/wp-content\/uploads\/2026\/08\/preghiera_145_1787751306.jpg","contentUrl":"https:\/\/www.vaticano.com\/wp-content\/uploads\/2026\/08\/preghiera_145_1787751306.jpg","width":1500,"height":1500},{"@type":"BreadcrumbList","@id":"https:\/\/www.vaticano.com\/pt-pt\/oracao-a-santa-clara-de-assis-pela-paz-na-familia-uniao-e-reconciliacao-domestica\/#breadcrumb","itemListElement":[{"@type":"ListItem","position":1,"name":"Home","item":"https:\/\/www.vaticano.com\/pt-pt\/vaticano-com-religious-tourism-shrines-news\/"},{"@type":"ListItem","position":2,"name":"Ora\u00e7\u00e3o a Santa Clara de Assis pela paz na fam\u00edlia: Uni\u00e3o e Reconcilia\u00e7\u00e3o dom\u00e9stica"}]},{"@type":"WebSite","@id":"https:\/\/www.vaticano.com\/#website","url":"https:\/\/www.vaticano.com\/","name":"Vaticano.com","description":"Turismo Religioso, Santuari, Notizie dal mondo cattolico","publisher":{"@id":"https:\/\/www.vaticano.com\/#organization"},"potentialAction":[{"@type":"SearchAction","target":{"@type":"EntryPoint","urlTemplate":"https:\/\/www.vaticano.com\/?s={search_term_string}"},"query-input":{"@type":"PropertyValueSpecification","valueRequired":true,"valueName":"search_term_string"}}],"inLanguage":"pt-PT"},{"@type":"Organization","@id":"https:\/\/www.vaticano.com\/#organization","name":"Vaticano.com","url":"https:\/\/www.vaticano.com\/","logo":{"@type":"ImageObject","inLanguage":"pt-PT","@id":"https:\/\/www.vaticano.com\/#\/schema\/logo\/image\/","url":"https:\/\/www.vaticano.com\/wp-content\/uploads\/2026\/05\/vaticano-1.png","contentUrl":"https:\/\/www.vaticano.com\/wp-content\/uploads\/2026\/05\/vaticano-1.png","width":600,"height":150,"caption":"Vaticano.com"},"image":{"@id":"https:\/\/www.vaticano.com\/#\/schema\/logo\/image\/"}},{"@type":"Person","@id":"https:\/\/www.vaticano.com\/#\/schema\/person\/5e19ba52fdb505adeb6b55fe216cce3b","name":"Padre Bernardo","description":"Frate Minore Francescano, teologo e custode della tradizione liturgica. Dedica la sua vita alla preghiera contemplativa e allo studio delle vite dei Santi. Attraverso le sue riflessioni, guida i fedeli alla riscoperta delle radici pi\u00f9 profonde della devozione cattolica e delle grandi suppliche della tradizione ecclesiale, unendo l'umilt\u00e0 francescana al rigore dottrinale.","url":"https:\/\/www.vaticano.com\/pt-pt\/author\/padrebernardo\/"}]}},"_links":{"self":[{"href":"https:\/\/www.vaticano.com\/pt-pt\/wp-json\/wp\/v2\/posts\/16380","targetHints":{"allow":["GET"]}}],"collection":[{"href":"https:\/\/www.vaticano.com\/pt-pt\/wp-json\/wp\/v2\/posts"}],"about":[{"href":"https:\/\/www.vaticano.com\/pt-pt\/wp-json\/wp\/v2\/types\/post"}],"author":[{"embeddable":true,"href":"https:\/\/www.vaticano.com\/pt-pt\/wp-json\/wp\/v2\/users\/43"}],"replies":[{"embeddable":true,"href":"https:\/\/www.vaticano.com\/pt-pt\/wp-json\/wp\/v2\/comments?post=16380"}],"version-history":[{"count":0,"href":"https:\/\/www.vaticano.com\/pt-pt\/wp-json\/wp\/v2\/posts\/16380\/revisions"}],"wp:featuredmedia":[{"embeddable":true,"href":"https:\/\/www.vaticano.com\/pt-pt\/wp-json\/wp\/v2\/media\/16366"}],"wp:attachment":[{"href":"https:\/\/www.vaticano.com\/pt-pt\/wp-json\/wp\/v2\/media?parent=16380"}],"wp:term":[{"taxonomy":"category","embeddable":true,"href":"https:\/\/www.vaticano.com\/pt-pt\/wp-json\/wp\/v2\/categories?post=16380"},{"taxonomy":"post_tag","embeddable":true,"href":"https:\/\/www.vaticano.com\/pt-pt\/wp-json\/wp\/v2\/tags?post=16380"}],"curies":[{"name":"wp","href":"https:\/\/api.w.org\/{rel}","templated":true}]}}