{"id":16386,"date":"2026-08-28T03:15:02","date_gmt":"2026-08-28T01:15:02","guid":{"rendered":"https:\/\/www.vaticano.com\/lincontro-con-il-mistero-la-preghiera-prima-di-ricevere-leucaristia-di-san-giovanni-damasceno\/"},"modified":"2026-08-28T12:40:55","modified_gmt":"2026-08-28T10:40:55","slug":"o-encontro-com-o-misterio-a-oracao-antes-de-receber-a-eucaristia-de-sao-joao-damasceno","status":"publish","type":"post","link":"https:\/\/www.vaticano.com\/pt-pt\/o-encontro-com-o-misterio-a-oracao-antes-de-receber-a-eucaristia-de-sao-joao-damasceno\/","title":{"rendered":"O encontro com o Mist\u00e9rio: a Ora\u00e7\u00e3o antes de receber a Eucaristia de S\u00e3o Jo\u00e3o Damasceno"},"content":{"rendered":"\n<h1>Ora\u00e7\u00e3o antes de receber a Eucaristia &#8211; S\u00e3o Jo\u00e3o Damasceno<\/h1><blockquote style=\"background: #FFFDF9;border-left: 4px solid #CF9D14;padding: 25px;margin: 25px 0;font-style: italic;font-size: 1.25rem;line-height: 1.8;color: #2d3748;border-radius: 0 8px 8px 0\">Perante as portas do teu santo templo me encontro,<br>e, contudo, n\u00e3o me afasto dos meus pensamentos malignos.<br>Mas tu, \u00f3 Cristo Deus, que justificaste o publicano,<br>que tiveste compaix\u00e3o da Cananeia<br>e abriste o para\u00edso ao ladr\u00e3o,<br>abre-me as entranhas da tua miseric\u00f3rdia,<br>e acolhe-me enquanto me aproximo de ti e te toco,<br>tal como a pecadora e a mulher que sofria de hemorragias.<br>Esta \u00faltima, tocando a orla do teu manto,<br>obteve imediatamente a cura;<br>aquela, abra\u00e7ando os teus sant\u00edssimos p\u00e9s,<br>foi liberta do v\u00ednculo dos seus pecados.<br>E eu, miser\u00e1vel, ousando receber todo o teu corpo,<br>faz com que n\u00e3o seja consumido, mas acolhe-me, \u00f3 Deus,<br>como a elas, e ilumina os meus sentidos espirituais,<br>queimando as minhas culpas,<br>por intercess\u00e3o daquela que te gerou sem semente<br>e das pot\u00eancias celestes;<br>pois tu \u00e9s bendito pelos s\u00e9culos dos s\u00e9culos. \u00c1men.<\/blockquote><p>A ora\u00e7\u00e3o antes de receber a Eucaristia, atribu\u00edda a S\u00e3o Jo\u00e3o Damasceno, representa um dos pontos altos da literatura lit\u00fargica e espiritual do Oriente, profundamente enraizada na tradi\u00e7\u00e3o patr\u00edstica. S\u00e3o Jo\u00e3o Damasceno, que viveu entre os s\u00e9culos VII e VIII, foi um dos maiores te\u00f3logos da Igreja Bizantina, al\u00e9m de um insigne defensor do culto das imagens sagradas durante a crise iconoclasta. Doutor da Igreja, a sua obra magna, &#8220;A Fonte do Conhecimento&#8221;, inclui tratados fundamentais sobre a Eucaristia, vista n\u00e3o como um simples s\u00edmbolo, mas como a verdadeira carne e o verdadeiro sangue de Cristo atrav\u00e9s da transubstancia\u00e7\u00e3o (ou transmuta\u00e7\u00e3o) operada pelo Esp\u00edrito Santo.<\/p><p>Do ponto de vista teol\u00f3gico e hist\u00f3rico, esta ora\u00e7\u00e3o insere-se no contexto da prepara\u00e7\u00e3o imediata para o Sacramento do altar, um momento que na Igreja bizantina, e por extens\u00e3o na cat\u00f3lica de rito romano que acolheu a sua riqueza espiritual, foi sempre rodeado de um profundo temor reverencial e de um sentido agudo da pr\u00f3pria indignidade perante a santidade de Deus. O texto recorre fortemente a figuras b\u00edblicas femininas emblem\u00e1ticas: a pecadora an\u00f3nima do Evangelho de Lucas, a mulher hemorro\u00edssa e a cananeia. Estas figuras n\u00e3o s\u00e3o evocadas para sublinhar a condena\u00e7\u00e3o, mas para destacar a miseric\u00f3rdia sem limites de Cristo, que nunca rejeita quem se aproxima d&#8217;Ele com f\u00e9 contrita, mesmo no auge da sua mis\u00e9ria espiritual.<\/p><p>Uma curiosidade fascinante desta ora\u00e7\u00e3o reside no paradoxo cristol\u00f3gico e existencial que ela exprime: o crente reconhece-se pecador e &#8220;miser\u00e1vel&#8221;, consciente de que acolher &#8220;todo o corpo&#8221; de Cristo poderia paradoxalmente queim\u00e1-lo devido ao fogo devorador da divindade. No entanto, tal como a pecadora que beijava os p\u00e9s de Jesus e a hemorro\u00edssa que tocava no seu manto, o orante ousa aproximar-se. A men\u00e7\u00e3o final da Theotokos (a M\u00e3e de Deus) e das pot\u00eancias celestiais insere o ato eucar\u00edstico n\u00e3o como um evento isolado, mas como uma participa\u00e7\u00e3o m\u00edstica na liturgia celeste, onde a terra se une ao c\u00e9u no louvor perene de Deus bendito pelos s\u00e9culos.<\/p>\n","protected":false},"excerpt":{"rendered":"<p>Uma an\u00e1lise aprofundada da Ora\u00e7\u00e3o antes de receber a Eucaristia de S\u00e3o Jo\u00e3o Damasceno, explorando o seu texto tradicional, as origens patr\u00edsticas e o profundo significado teol\u00f3gico centrado na miseric\u00f3rdia divina.<\/p>\n","protected":false},"author":43,"featured_media":16370,"comment_status":"open","ping_status":"open","sticky":false,"template":"","format":"standard","meta":{"footnotes":""},"categories":[4822,4828],"tags":[],"class_list":["post-16386","post","type-post","status-publish","format-standard","has-post-thumbnail","hentry","category-oracoes","category-oracoes-e-oracoes-dos-padres-e-doutores-da-igreja"],"blocksy_meta":[],"yoast_head":"<!-- This site is optimized with the Yoast SEO plugin v28.4 - https:\/\/yoast.com\/product\/yoast-seo-wordpress\/ -->\n<title>O encontro com o Mist\u00e9rio: a Ora\u00e7\u00e3o antes de receber a Eucaristia de S\u00e3o Jo\u00e3o Damasceno - Vaticano.com<\/title>\n<meta name=\"robots\" content=\"index, follow, max-snippet:-1, max-image-preview:large, max-video-preview:-1\" \/>\n<link rel=\"canonical\" href=\"https:\/\/www.vaticano.com\/pt-pt\/o-encontro-com-o-misterio-a-oracao-antes-de-receber-a-eucaristia-de-sao-joao-damasceno\/\" \/>\n<meta property=\"og:locale\" content=\"pt_PT\" \/>\n<meta property=\"og:type\" content=\"article\" \/>\n<meta property=\"og:title\" content=\"O encontro com o Mist\u00e9rio: a Ora\u00e7\u00e3o antes de receber a Eucaristia de S\u00e3o Jo\u00e3o Damasceno - Vaticano.com\" \/>\n<meta property=\"og:description\" content=\"Uma an\u00e1lise aprofundada da Ora\u00e7\u00e3o antes de receber a Eucaristia de S\u00e3o Jo\u00e3o Damasceno, explorando o seu texto tradicional, as origens patr\u00edsticas e o profundo significado teol\u00f3gico centrado na miseric\u00f3rdia divina.\" \/>\n<meta property=\"og:url\" content=\"https:\/\/www.vaticano.com\/pt-pt\/o-encontro-com-o-misterio-a-oracao-antes-de-receber-a-eucaristia-de-sao-joao-damasceno\/\" \/>\n<meta property=\"og:site_name\" content=\"Vaticano.com\" \/>\n<meta property=\"article:published_time\" content=\"2026-08-28T01:15:02+00:00\" \/>\n<meta property=\"article:modified_time\" content=\"2026-08-28T10:40:55+00:00\" \/>\n<meta property=\"og:image\" content=\"https:\/\/www.vaticano.com\/wp-content\/uploads\/2026\/08\/preghiera_259_1787837706.jpg\" \/>\n\t<meta property=\"og:image:width\" content=\"1500\" \/>\n\t<meta property=\"og:image:height\" content=\"1500\" \/>\n\t<meta property=\"og:image:type\" content=\"image\/jpeg\" \/>\n<meta name=\"author\" content=\"Padre Bernardo\" \/>\n<meta name=\"twitter:card\" content=\"summary_large_image\" \/>\n<meta name=\"twitter:label1\" content=\"Escrito por\" \/>\n\t<meta name=\"twitter:data1\" content=\"Padre Bernardo\" \/>\n\t<meta name=\"twitter:label2\" content=\"Tempo estimado de leitura\" \/>\n\t<meta name=\"twitter:data2\" content=\"3 minutos\" \/>\n<script type=\"application\/ld+json\" class=\"yoast-schema-graph\">{\"@context\":\"https:\\\/\\\/schema.org\",\"@graph\":[{\"@type\":\"Article\",\"@id\":\"https:\\\/\\\/www.vaticano.com\\\/pt-pt\\\/o-encontro-com-o-misterio-a-oracao-antes-de-receber-a-eucaristia-de-sao-joao-damasceno\\\/#article\",\"isPartOf\":{\"@id\":\"https:\\\/\\\/www.vaticano.com\\\/pt-pt\\\/o-encontro-com-o-misterio-a-oracao-antes-de-receber-a-eucaristia-de-sao-joao-damasceno\\\/\"},\"author\":{\"name\":\"Padre Bernardo\",\"@id\":\"https:\\\/\\\/www.vaticano.com\\\/#\\\/schema\\\/person\\\/5e19ba52fdb505adeb6b55fe216cce3b\"},\"headline\":\"O encontro com o Mist\u00e9rio: a Ora\u00e7\u00e3o antes de receber a Eucaristia de S\u00e3o Jo\u00e3o Damasceno\",\"datePublished\":\"2026-08-28T01:15:02+00:00\",\"dateModified\":\"2026-08-28T10:40:55+00:00\",\"mainEntityOfPage\":{\"@id\":\"https:\\\/\\\/www.vaticano.com\\\/pt-pt\\\/o-encontro-com-o-misterio-a-oracao-antes-de-receber-a-eucaristia-de-sao-joao-damasceno\\\/\"},\"wordCount\":567,\"commentCount\":0,\"publisher\":{\"@id\":\"https:\\\/\\\/www.vaticano.com\\\/#organization\"},\"image\":{\"@id\":\"https:\\\/\\\/www.vaticano.com\\\/pt-pt\\\/o-encontro-com-o-misterio-a-oracao-antes-de-receber-a-eucaristia-de-sao-joao-damasceno\\\/#primaryimage\"},\"thumbnailUrl\":\"https:\\\/\\\/www.vaticano.com\\\/wp-content\\\/uploads\\\/2026\\\/08\\\/preghiera_259_1787837706.jpg\",\"articleSection\":[\"Ora\u00e7\u00f5es\",\"Ora\u00e7\u00f5es e Preces dos Padres e Doutores da Igreja\"],\"inLanguage\":\"pt-PT\",\"potentialAction\":[{\"@type\":\"CommentAction\",\"name\":\"Comment\",\"target\":[\"https:\\\/\\\/www.vaticano.com\\\/pt-pt\\\/o-encontro-com-o-misterio-a-oracao-antes-de-receber-a-eucaristia-de-sao-joao-damasceno\\\/#respond\"]}]},{\"@type\":\"WebPage\",\"@id\":\"https:\\\/\\\/www.vaticano.com\\\/pt-pt\\\/o-encontro-com-o-misterio-a-oracao-antes-de-receber-a-eucaristia-de-sao-joao-damasceno\\\/\",\"url\":\"https:\\\/\\\/www.vaticano.com\\\/pt-pt\\\/o-encontro-com-o-misterio-a-oracao-antes-de-receber-a-eucaristia-de-sao-joao-damasceno\\\/\",\"name\":\"O encontro com o Mist\u00e9rio: a Ora\u00e7\u00e3o antes de receber a Eucaristia de S\u00e3o Jo\u00e3o Damasceno - Vaticano.com\",\"isPartOf\":{\"@id\":\"https:\\\/\\\/www.vaticano.com\\\/#website\"},\"primaryImageOfPage\":{\"@id\":\"https:\\\/\\\/www.vaticano.com\\\/pt-pt\\\/o-encontro-com-o-misterio-a-oracao-antes-de-receber-a-eucaristia-de-sao-joao-damasceno\\\/#primaryimage\"},\"image\":{\"@id\":\"https:\\\/\\\/www.vaticano.com\\\/pt-pt\\\/o-encontro-com-o-misterio-a-oracao-antes-de-receber-a-eucaristia-de-sao-joao-damasceno\\\/#primaryimage\"},\"thumbnailUrl\":\"https:\\\/\\\/www.vaticano.com\\\/wp-content\\\/uploads\\\/2026\\\/08\\\/preghiera_259_1787837706.jpg\",\"datePublished\":\"2026-08-28T01:15:02+00:00\",\"dateModified\":\"2026-08-28T10:40:55+00:00\",\"breadcrumb\":{\"@id\":\"https:\\\/\\\/www.vaticano.com\\\/pt-pt\\\/o-encontro-com-o-misterio-a-oracao-antes-de-receber-a-eucaristia-de-sao-joao-damasceno\\\/#breadcrumb\"},\"inLanguage\":\"pt-PT\",\"potentialAction\":[{\"@type\":\"ReadAction\",\"target\":[\"https:\\\/\\\/www.vaticano.com\\\/pt-pt\\\/o-encontro-com-o-misterio-a-oracao-antes-de-receber-a-eucaristia-de-sao-joao-damasceno\\\/\"]}]},{\"@type\":\"ImageObject\",\"inLanguage\":\"pt-PT\",\"@id\":\"https:\\\/\\\/www.vaticano.com\\\/pt-pt\\\/o-encontro-com-o-misterio-a-oracao-antes-de-receber-a-eucaristia-de-sao-joao-damasceno\\\/#primaryimage\",\"url\":\"https:\\\/\\\/www.vaticano.com\\\/wp-content\\\/uploads\\\/2026\\\/08\\\/preghiera_259_1787837706.jpg\",\"contentUrl\":\"https:\\\/\\\/www.vaticano.com\\\/wp-content\\\/uploads\\\/2026\\\/08\\\/preghiera_259_1787837706.jpg\",\"width\":1500,\"height\":1500},{\"@type\":\"BreadcrumbList\",\"@id\":\"https:\\\/\\\/www.vaticano.com\\\/pt-pt\\\/o-encontro-com-o-misterio-a-oracao-antes-de-receber-a-eucaristia-de-sao-joao-damasceno\\\/#breadcrumb\",\"itemListElement\":[{\"@type\":\"ListItem\",\"position\":1,\"name\":\"Home\",\"item\":\"https:\\\/\\\/www.vaticano.com\\\/pt-pt\\\/vaticano-com-religious-tourism-shrines-news\\\/\"},{\"@type\":\"ListItem\",\"position\":2,\"name\":\"O encontro com o Mist\u00e9rio: a Ora\u00e7\u00e3o antes de receber a Eucaristia de S\u00e3o Jo\u00e3o Damasceno\"}]},{\"@type\":\"WebSite\",\"@id\":\"https:\\\/\\\/www.vaticano.com\\\/#website\",\"url\":\"https:\\\/\\\/www.vaticano.com\\\/\",\"name\":\"Vaticano.com\",\"description\":\"Turismo Religioso, Santuari, Notizie dal mondo cattolico\",\"publisher\":{\"@id\":\"https:\\\/\\\/www.vaticano.com\\\/#organization\"},\"potentialAction\":[{\"@type\":\"SearchAction\",\"target\":{\"@type\":\"EntryPoint\",\"urlTemplate\":\"https:\\\/\\\/www.vaticano.com\\\/?s={search_term_string}\"},\"query-input\":{\"@type\":\"PropertyValueSpecification\",\"valueRequired\":true,\"valueName\":\"search_term_string\"}}],\"inLanguage\":\"pt-PT\"},{\"@type\":\"Organization\",\"@id\":\"https:\\\/\\\/www.vaticano.com\\\/#organization\",\"name\":\"Vaticano.com\",\"url\":\"https:\\\/\\\/www.vaticano.com\\\/\",\"logo\":{\"@type\":\"ImageObject\",\"inLanguage\":\"pt-PT\",\"@id\":\"https:\\\/\\\/www.vaticano.com\\\/#\\\/schema\\\/logo\\\/image\\\/\",\"url\":\"https:\\\/\\\/www.vaticano.com\\\/wp-content\\\/uploads\\\/2026\\\/05\\\/vaticano-1.png\",\"contentUrl\":\"https:\\\/\\\/www.vaticano.com\\\/wp-content\\\/uploads\\\/2026\\\/05\\\/vaticano-1.png\",\"width\":600,\"height\":150,\"caption\":\"Vaticano.com\"},\"image\":{\"@id\":\"https:\\\/\\\/www.vaticano.com\\\/#\\\/schema\\\/logo\\\/image\\\/\"}},{\"@type\":\"Person\",\"@id\":\"https:\\\/\\\/www.vaticano.com\\\/#\\\/schema\\\/person\\\/5e19ba52fdb505adeb6b55fe216cce3b\",\"name\":\"Padre Bernardo\",\"description\":\"Frate Minore Francescano, teologo e custode della tradizione liturgica. Dedica la sua vita alla preghiera contemplativa e allo studio delle vite dei Santi. Attraverso le sue riflessioni, guida i fedeli alla riscoperta delle radici pi\u00f9 profonde della devozione cattolica e delle grandi suppliche della tradizione ecclesiale, unendo l'umilt\u00e0 francescana al rigore dottrinale.\",\"url\":\"https:\\\/\\\/www.vaticano.com\\\/pt-pt\\\/author\\\/padrebernardo\\\/\"}]}<\/script>\n<!-- \/ Yoast SEO plugin. -->","yoast_head_json":{"title":"O encontro com o Mist\u00e9rio: a Ora\u00e7\u00e3o antes de receber a Eucaristia de S\u00e3o Jo\u00e3o Damasceno - Vaticano.com","robots":{"index":"index","follow":"follow","max-snippet":"max-snippet:-1","max-image-preview":"max-image-preview:large","max-video-preview":"max-video-preview:-1"},"canonical":"https:\/\/www.vaticano.com\/pt-pt\/o-encontro-com-o-misterio-a-oracao-antes-de-receber-a-eucaristia-de-sao-joao-damasceno\/","og_locale":"pt_PT","og_type":"article","og_title":"O encontro com o Mist\u00e9rio: a Ora\u00e7\u00e3o antes de receber a Eucaristia de S\u00e3o Jo\u00e3o Damasceno - Vaticano.com","og_description":"Uma an\u00e1lise aprofundada da Ora\u00e7\u00e3o antes de receber a Eucaristia de S\u00e3o Jo\u00e3o Damasceno, explorando o seu texto tradicional, as origens patr\u00edsticas e o profundo significado teol\u00f3gico centrado na miseric\u00f3rdia divina.","og_url":"https:\/\/www.vaticano.com\/pt-pt\/o-encontro-com-o-misterio-a-oracao-antes-de-receber-a-eucaristia-de-sao-joao-damasceno\/","og_site_name":"Vaticano.com","article_published_time":"2026-08-28T01:15:02+00:00","article_modified_time":"2026-08-28T10:40:55+00:00","og_image":[{"width":1500,"height":1500,"url":"https:\/\/www.vaticano.com\/wp-content\/uploads\/2026\/08\/preghiera_259_1787837706.jpg","type":"image\/jpeg"}],"author":"Padre Bernardo","twitter_card":"summary_large_image","twitter_misc":{"Escrito por":"Padre Bernardo","Tempo estimado de leitura":"3 minutos"},"schema":{"@context":"https:\/\/schema.org","@graph":[{"@type":"Article","@id":"https:\/\/www.vaticano.com\/pt-pt\/o-encontro-com-o-misterio-a-oracao-antes-de-receber-a-eucaristia-de-sao-joao-damasceno\/#article","isPartOf":{"@id":"https:\/\/www.vaticano.com\/pt-pt\/o-encontro-com-o-misterio-a-oracao-antes-de-receber-a-eucaristia-de-sao-joao-damasceno\/"},"author":{"name":"Padre Bernardo","@id":"https:\/\/www.vaticano.com\/#\/schema\/person\/5e19ba52fdb505adeb6b55fe216cce3b"},"headline":"O encontro com o Mist\u00e9rio: a Ora\u00e7\u00e3o antes de receber a Eucaristia de S\u00e3o Jo\u00e3o Damasceno","datePublished":"2026-08-28T01:15:02+00:00","dateModified":"2026-08-28T10:40:55+00:00","mainEntityOfPage":{"@id":"https:\/\/www.vaticano.com\/pt-pt\/o-encontro-com-o-misterio-a-oracao-antes-de-receber-a-eucaristia-de-sao-joao-damasceno\/"},"wordCount":567,"commentCount":0,"publisher":{"@id":"https:\/\/www.vaticano.com\/#organization"},"image":{"@id":"https:\/\/www.vaticano.com\/pt-pt\/o-encontro-com-o-misterio-a-oracao-antes-de-receber-a-eucaristia-de-sao-joao-damasceno\/#primaryimage"},"thumbnailUrl":"https:\/\/www.vaticano.com\/wp-content\/uploads\/2026\/08\/preghiera_259_1787837706.jpg","articleSection":["Ora\u00e7\u00f5es","Ora\u00e7\u00f5es e Preces dos Padres e Doutores da Igreja"],"inLanguage":"pt-PT","potentialAction":[{"@type":"CommentAction","name":"Comment","target":["https:\/\/www.vaticano.com\/pt-pt\/o-encontro-com-o-misterio-a-oracao-antes-de-receber-a-eucaristia-de-sao-joao-damasceno\/#respond"]}]},{"@type":"WebPage","@id":"https:\/\/www.vaticano.com\/pt-pt\/o-encontro-com-o-misterio-a-oracao-antes-de-receber-a-eucaristia-de-sao-joao-damasceno\/","url":"https:\/\/www.vaticano.com\/pt-pt\/o-encontro-com-o-misterio-a-oracao-antes-de-receber-a-eucaristia-de-sao-joao-damasceno\/","name":"O encontro com o Mist\u00e9rio: a Ora\u00e7\u00e3o antes de receber a Eucaristia de S\u00e3o Jo\u00e3o Damasceno - Vaticano.com","isPartOf":{"@id":"https:\/\/www.vaticano.com\/#website"},"primaryImageOfPage":{"@id":"https:\/\/www.vaticano.com\/pt-pt\/o-encontro-com-o-misterio-a-oracao-antes-de-receber-a-eucaristia-de-sao-joao-damasceno\/#primaryimage"},"image":{"@id":"https:\/\/www.vaticano.com\/pt-pt\/o-encontro-com-o-misterio-a-oracao-antes-de-receber-a-eucaristia-de-sao-joao-damasceno\/#primaryimage"},"thumbnailUrl":"https:\/\/www.vaticano.com\/wp-content\/uploads\/2026\/08\/preghiera_259_1787837706.jpg","datePublished":"2026-08-28T01:15:02+00:00","dateModified":"2026-08-28T10:40:55+00:00","breadcrumb":{"@id":"https:\/\/www.vaticano.com\/pt-pt\/o-encontro-com-o-misterio-a-oracao-antes-de-receber-a-eucaristia-de-sao-joao-damasceno\/#breadcrumb"},"inLanguage":"pt-PT","potentialAction":[{"@type":"ReadAction","target":["https:\/\/www.vaticano.com\/pt-pt\/o-encontro-com-o-misterio-a-oracao-antes-de-receber-a-eucaristia-de-sao-joao-damasceno\/"]}]},{"@type":"ImageObject","inLanguage":"pt-PT","@id":"https:\/\/www.vaticano.com\/pt-pt\/o-encontro-com-o-misterio-a-oracao-antes-de-receber-a-eucaristia-de-sao-joao-damasceno\/#primaryimage","url":"https:\/\/www.vaticano.com\/wp-content\/uploads\/2026\/08\/preghiera_259_1787837706.jpg","contentUrl":"https:\/\/www.vaticano.com\/wp-content\/uploads\/2026\/08\/preghiera_259_1787837706.jpg","width":1500,"height":1500},{"@type":"BreadcrumbList","@id":"https:\/\/www.vaticano.com\/pt-pt\/o-encontro-com-o-misterio-a-oracao-antes-de-receber-a-eucaristia-de-sao-joao-damasceno\/#breadcrumb","itemListElement":[{"@type":"ListItem","position":1,"name":"Home","item":"https:\/\/www.vaticano.com\/pt-pt\/vaticano-com-religious-tourism-shrines-news\/"},{"@type":"ListItem","position":2,"name":"O encontro com o Mist\u00e9rio: a Ora\u00e7\u00e3o antes de receber a Eucaristia de S\u00e3o Jo\u00e3o Damasceno"}]},{"@type":"WebSite","@id":"https:\/\/www.vaticano.com\/#website","url":"https:\/\/www.vaticano.com\/","name":"Vaticano.com","description":"Turismo Religioso, Santuari, Notizie dal mondo cattolico","publisher":{"@id":"https:\/\/www.vaticano.com\/#organization"},"potentialAction":[{"@type":"SearchAction","target":{"@type":"EntryPoint","urlTemplate":"https:\/\/www.vaticano.com\/?s={search_term_string}"},"query-input":{"@type":"PropertyValueSpecification","valueRequired":true,"valueName":"search_term_string"}}],"inLanguage":"pt-PT"},{"@type":"Organization","@id":"https:\/\/www.vaticano.com\/#organization","name":"Vaticano.com","url":"https:\/\/www.vaticano.com\/","logo":{"@type":"ImageObject","inLanguage":"pt-PT","@id":"https:\/\/www.vaticano.com\/#\/schema\/logo\/image\/","url":"https:\/\/www.vaticano.com\/wp-content\/uploads\/2026\/05\/vaticano-1.png","contentUrl":"https:\/\/www.vaticano.com\/wp-content\/uploads\/2026\/05\/vaticano-1.png","width":600,"height":150,"caption":"Vaticano.com"},"image":{"@id":"https:\/\/www.vaticano.com\/#\/schema\/logo\/image\/"}},{"@type":"Person","@id":"https:\/\/www.vaticano.com\/#\/schema\/person\/5e19ba52fdb505adeb6b55fe216cce3b","name":"Padre Bernardo","description":"Frate Minore Francescano, teologo e custode della tradizione liturgica. Dedica la sua vita alla preghiera contemplativa e allo studio delle vite dei Santi. Attraverso le sue riflessioni, guida i fedeli alla riscoperta delle radici pi\u00f9 profonde della devozione cattolica e delle grandi suppliche della tradizione ecclesiale, unendo l'umilt\u00e0 francescana al rigore dottrinale.","url":"https:\/\/www.vaticano.com\/pt-pt\/author\/padrebernardo\/"}]}},"_links":{"self":[{"href":"https:\/\/www.vaticano.com\/pt-pt\/wp-json\/wp\/v2\/posts\/16386","targetHints":{"allow":["GET"]}}],"collection":[{"href":"https:\/\/www.vaticano.com\/pt-pt\/wp-json\/wp\/v2\/posts"}],"about":[{"href":"https:\/\/www.vaticano.com\/pt-pt\/wp-json\/wp\/v2\/types\/post"}],"author":[{"embeddable":true,"href":"https:\/\/www.vaticano.com\/pt-pt\/wp-json\/wp\/v2\/users\/43"}],"replies":[{"embeddable":true,"href":"https:\/\/www.vaticano.com\/pt-pt\/wp-json\/wp\/v2\/comments?post=16386"}],"version-history":[{"count":0,"href":"https:\/\/www.vaticano.com\/pt-pt\/wp-json\/wp\/v2\/posts\/16386\/revisions"}],"wp:featuredmedia":[{"embeddable":true,"href":"https:\/\/www.vaticano.com\/pt-pt\/wp-json\/wp\/v2\/media\/16370"}],"wp:attachment":[{"href":"https:\/\/www.vaticano.com\/pt-pt\/wp-json\/wp\/v2\/media?parent=16386"}],"wp:term":[{"taxonomy":"category","embeddable":true,"href":"https:\/\/www.vaticano.com\/pt-pt\/wp-json\/wp\/v2\/categories?post=16386"},{"taxonomy":"post_tag","embeddable":true,"href":"https:\/\/www.vaticano.com\/pt-pt\/wp-json\/wp\/v2\/tags?post=16386"}],"curies":[{"name":"wp","href":"https:\/\/api.w.org\/{rel}","templated":true}]}}