{"id":16407,"date":"2026-08-25T03:15:02","date_gmt":"2026-08-25T01:15:02","guid":{"rendered":"https:\/\/www.vaticano.com\/stabat-mater-il-dolore-universale-della-madre-ai-piedi-della-croce\/"},"modified":"2026-08-28T12:43:47","modified_gmt":"2026-08-28T10:43:47","slug":"stabat-mater-a-dor-universal-da-mae-aos-pes-da-cruz","status":"publish","type":"post","link":"https:\/\/www.vaticano.com\/pt-pt\/stabat-mater-a-dor-universal-da-mae-aos-pes-da-cruz\/","title":{"rendered":"Stabat Mater: A Dor Universal da M\u00e3e aos P\u00e9s da Cruz"},"content":{"rendered":"\n<h1>Stabat Mater (Hino da Sexta-Feira Santa) &#8211; Jacopone da Todi<\/h1><blockquote style=\"background: #FFFDF9;border-left: 4px solid #CF9D14;padding: 25px;margin: 25px 0;font-style: italic;font-size: 1.25rem;line-height: 1.8;color: #2d3748;border-radius: 0 8px 8px 0\">Stabat Mater dolorosa<br>juxta crucem lacrimosa,<br>dum pendebat Filius.<br><br>Cuius animam gementem,<br>contristatam et dolentem<br>pertransivit gladius.<br><br>O quam tristis et afflicta<br>fuit illa benedicta<br>mater Unigeniti!<br><br>Quae maerebat et dolebat,<br>pia mater, dum videbat<br>nati poenas inclyti.<\/blockquote><p>O <em>Stabat Mater<\/em> \u00e9 uma das obras-primas absolutas da poesia m\u00edstica e lit\u00fargica crist\u00e3, um hino que acompanha h\u00e1 s\u00e9culos a medita\u00e7\u00e3o dos fi\u00e9is durante a Semana Santa, particularmente na mem\u00f3ria de Nossa Senhora das Dores e ao longo das esta\u00e7\u00f5es da Via-Sacra. O texto abre-se com a poderosa imagem da M\u00e3e de p\u00e9, transpassada pela dor, num sil\u00eancio carregado de ang\u00fastia, sob a madeira da cruz onde pende o Filho moribundo.<\/p><p>Do ponto de vista hist\u00f3rico, a atribui\u00e7\u00e3o desta extraordin\u00e1ria composi\u00e7\u00e3o est\u00e1 tradicionalmente ligada \u00e0 figura de Jacopone da Todi (1236-1306), distinto poeta franciscano e frade menor, conhecido pelo seu fervor espiritual e pela radicalidade evang\u00e9lica. Contudo, ao longo dos s\u00e9culos, a cr\u00edtica acad\u00e9mica avan\u00e7ou hip\u00f3teses alternativas, atribuindo-o por vezes ao Papa Inoc\u00eancio III ou a S\u00e3o Boaventura. Apesar das incertezas sobre a paternidade liter\u00e1ria, o texto reflete plenamente a sensibilidade religiosa do s\u00e9culo XIII, fortemente influenciada pela espiritualidade franciscana que colocava no centro da contempla\u00e7\u00e3o a humanidade sofredora de Cristo e a compaix\u00e3o da Virgem.<\/p><p>Teologicamente, o <em>Stabat Mater<\/em> explora o conceito profundo da <em>compassio<\/em>: Maria n\u00e3o \u00e9 apenas uma espectadora passiva do sacrif\u00edcio redentor, mas participa nele intimamente com o cora\u00e7\u00e3o (\u00abpertransivit gladius\u00bb, a espada trespassou-lhe a alma, segundo a profecia de Sime\u00e3o). Este hino conseguiu elevar a dor humana a uma dimens\u00e3o universal e salv\u00edfica, oferecendo a gera\u00e7\u00f5es de crentes uma voz para expressar a sua proximidade ao mist\u00e9rio da cruz. A sua beleza formal, caracterizada por rimas penetrantes e por um ritmo cadenciado, inspirou tamb\u00e9m, ao longo dos s\u00e9culos, imensas obras-primas da m\u00fasica sacra assinadas por autores do calibre de Pergolesi, Rossini e Verdi.<\/p>\n","protected":false},"excerpt":{"rendered":"<p>Uma an\u00e1lise teol\u00f3gica e hist\u00f3rica do Stabat Mater, o c\u00e9lebre hino medieval atribu\u00eddo a Jacopone da Todi, que medita sobre a dor da Virgem Maria aos p\u00e9s da cruz.<\/p>\n","protected":false},"author":43,"featured_media":16355,"comment_status":"open","ping_status":"open","sticky":false,"template":"","format":"standard","meta":{"footnotes":""},"categories":[4920,4822],"tags":[],"class_list":["post-16407","post","type-post","status-publish","format-standard","has-post-thumbnail","hentry","category-grandes-hinos-canticos-e-oracoes-liturgicas","category-oracoes"],"blocksy_meta":[],"yoast_head":"<!-- This site is optimized with the Yoast SEO plugin v28.4 - https:\/\/yoast.com\/product\/yoast-seo-wordpress\/ -->\n<title>Stabat Mater: A Dor Universal da M\u00e3e aos P\u00e9s da Cruz - Vaticano.com<\/title>\n<meta name=\"robots\" content=\"index, follow, max-snippet:-1, max-image-preview:large, max-video-preview:-1\" \/>\n<link rel=\"canonical\" href=\"https:\/\/www.vaticano.com\/pt-pt\/stabat-mater-a-dor-universal-da-mae-aos-pes-da-cruz\/\" \/>\n<meta property=\"og:locale\" content=\"pt_PT\" \/>\n<meta property=\"og:type\" content=\"article\" \/>\n<meta property=\"og:title\" content=\"Stabat Mater: A Dor Universal da M\u00e3e aos P\u00e9s da Cruz - Vaticano.com\" \/>\n<meta property=\"og:description\" content=\"Uma an\u00e1lise teol\u00f3gica e hist\u00f3rica do Stabat Mater, o c\u00e9lebre hino medieval atribu\u00eddo a Jacopone da Todi, que medita sobre a dor da Virgem Maria aos p\u00e9s da cruz.\" \/>\n<meta property=\"og:url\" content=\"https:\/\/www.vaticano.com\/pt-pt\/stabat-mater-a-dor-universal-da-mae-aos-pes-da-cruz\/\" \/>\n<meta property=\"og:site_name\" content=\"Vaticano.com\" \/>\n<meta property=\"article:published_time\" content=\"2026-08-25T01:15:02+00:00\" \/>\n<meta property=\"article:modified_time\" content=\"2026-08-28T10:43:47+00:00\" \/>\n<meta property=\"og:image\" content=\"https:\/\/www.vaticano.com\/wp-content\/uploads\/2026\/08\/preghiera_37_1787578505.jpg\" \/>\n\t<meta property=\"og:image:width\" content=\"1500\" \/>\n\t<meta property=\"og:image:height\" content=\"1500\" \/>\n\t<meta property=\"og:image:type\" content=\"image\/jpeg\" \/>\n<meta name=\"author\" content=\"Padre Bernardo\" \/>\n<meta name=\"twitter:card\" content=\"summary_large_image\" \/>\n<meta name=\"twitter:label1\" content=\"Escrito por\" \/>\n\t<meta name=\"twitter:data1\" content=\"Padre Bernardo\" \/>\n\t<meta name=\"twitter:label2\" content=\"Tempo estimado de leitura\" \/>\n\t<meta name=\"twitter:data2\" content=\"2 minutos\" \/>\n<script type=\"application\/ld+json\" class=\"yoast-schema-graph\">{\"@context\":\"https:\\\/\\\/schema.org\",\"@graph\":[{\"@type\":\"Article\",\"@id\":\"https:\\\/\\\/www.vaticano.com\\\/pt-pt\\\/stabat-mater-a-dor-universal-da-mae-aos-pes-da-cruz\\\/#article\",\"isPartOf\":{\"@id\":\"https:\\\/\\\/www.vaticano.com\\\/pt-pt\\\/stabat-mater-a-dor-universal-da-mae-aos-pes-da-cruz\\\/\"},\"author\":{\"name\":\"Padre Bernardo\",\"@id\":\"https:\\\/\\\/www.vaticano.com\\\/#\\\/schema\\\/person\\\/5e19ba52fdb505adeb6b55fe216cce3b\"},\"headline\":\"Stabat Mater: A Dor Universal da M\u00e3e aos P\u00e9s da Cruz\",\"datePublished\":\"2026-08-25T01:15:02+00:00\",\"dateModified\":\"2026-08-28T10:43:47+00:00\",\"mainEntityOfPage\":{\"@id\":\"https:\\\/\\\/www.vaticano.com\\\/pt-pt\\\/stabat-mater-a-dor-universal-da-mae-aos-pes-da-cruz\\\/\"},\"wordCount\":359,\"commentCount\":0,\"publisher\":{\"@id\":\"https:\\\/\\\/www.vaticano.com\\\/#organization\"},\"image\":{\"@id\":\"https:\\\/\\\/www.vaticano.com\\\/pt-pt\\\/stabat-mater-a-dor-universal-da-mae-aos-pes-da-cruz\\\/#primaryimage\"},\"thumbnailUrl\":\"https:\\\/\\\/www.vaticano.com\\\/wp-content\\\/uploads\\\/2026\\\/08\\\/preghiera_37_1787578505.jpg\",\"articleSection\":[\"Grandes Hinos, C\u00e2nticos e Ora\u00e7\u00f5es Lit\u00fargicas\",\"Ora\u00e7\u00f5es\"],\"inLanguage\":\"pt-PT\",\"potentialAction\":[{\"@type\":\"CommentAction\",\"name\":\"Comment\",\"target\":[\"https:\\\/\\\/www.vaticano.com\\\/pt-pt\\\/stabat-mater-a-dor-universal-da-mae-aos-pes-da-cruz\\\/#respond\"]}]},{\"@type\":\"WebPage\",\"@id\":\"https:\\\/\\\/www.vaticano.com\\\/pt-pt\\\/stabat-mater-a-dor-universal-da-mae-aos-pes-da-cruz\\\/\",\"url\":\"https:\\\/\\\/www.vaticano.com\\\/pt-pt\\\/stabat-mater-a-dor-universal-da-mae-aos-pes-da-cruz\\\/\",\"name\":\"Stabat Mater: A Dor Universal da M\u00e3e aos P\u00e9s da Cruz - Vaticano.com\",\"isPartOf\":{\"@id\":\"https:\\\/\\\/www.vaticano.com\\\/#website\"},\"primaryImageOfPage\":{\"@id\":\"https:\\\/\\\/www.vaticano.com\\\/pt-pt\\\/stabat-mater-a-dor-universal-da-mae-aos-pes-da-cruz\\\/#primaryimage\"},\"image\":{\"@id\":\"https:\\\/\\\/www.vaticano.com\\\/pt-pt\\\/stabat-mater-a-dor-universal-da-mae-aos-pes-da-cruz\\\/#primaryimage\"},\"thumbnailUrl\":\"https:\\\/\\\/www.vaticano.com\\\/wp-content\\\/uploads\\\/2026\\\/08\\\/preghiera_37_1787578505.jpg\",\"datePublished\":\"2026-08-25T01:15:02+00:00\",\"dateModified\":\"2026-08-28T10:43:47+00:00\",\"breadcrumb\":{\"@id\":\"https:\\\/\\\/www.vaticano.com\\\/pt-pt\\\/stabat-mater-a-dor-universal-da-mae-aos-pes-da-cruz\\\/#breadcrumb\"},\"inLanguage\":\"pt-PT\",\"potentialAction\":[{\"@type\":\"ReadAction\",\"target\":[\"https:\\\/\\\/www.vaticano.com\\\/pt-pt\\\/stabat-mater-a-dor-universal-da-mae-aos-pes-da-cruz\\\/\"]}]},{\"@type\":\"ImageObject\",\"inLanguage\":\"pt-PT\",\"@id\":\"https:\\\/\\\/www.vaticano.com\\\/pt-pt\\\/stabat-mater-a-dor-universal-da-mae-aos-pes-da-cruz\\\/#primaryimage\",\"url\":\"https:\\\/\\\/www.vaticano.com\\\/wp-content\\\/uploads\\\/2026\\\/08\\\/preghiera_37_1787578505.jpg\",\"contentUrl\":\"https:\\\/\\\/www.vaticano.com\\\/wp-content\\\/uploads\\\/2026\\\/08\\\/preghiera_37_1787578505.jpg\",\"width\":1500,\"height\":1500},{\"@type\":\"BreadcrumbList\",\"@id\":\"https:\\\/\\\/www.vaticano.com\\\/pt-pt\\\/stabat-mater-a-dor-universal-da-mae-aos-pes-da-cruz\\\/#breadcrumb\",\"itemListElement\":[{\"@type\":\"ListItem\",\"position\":1,\"name\":\"Home\",\"item\":\"https:\\\/\\\/www.vaticano.com\\\/pt-pt\\\/vaticano-com-religious-tourism-shrines-news\\\/\"},{\"@type\":\"ListItem\",\"position\":2,\"name\":\"Stabat Mater: A Dor Universal da M\u00e3e aos P\u00e9s da Cruz\"}]},{\"@type\":\"WebSite\",\"@id\":\"https:\\\/\\\/www.vaticano.com\\\/#website\",\"url\":\"https:\\\/\\\/www.vaticano.com\\\/\",\"name\":\"Vaticano.com\",\"description\":\"Turismo Religioso, Santuari, Notizie dal mondo cattolico\",\"publisher\":{\"@id\":\"https:\\\/\\\/www.vaticano.com\\\/#organization\"},\"potentialAction\":[{\"@type\":\"SearchAction\",\"target\":{\"@type\":\"EntryPoint\",\"urlTemplate\":\"https:\\\/\\\/www.vaticano.com\\\/?s={search_term_string}\"},\"query-input\":{\"@type\":\"PropertyValueSpecification\",\"valueRequired\":true,\"valueName\":\"search_term_string\"}}],\"inLanguage\":\"pt-PT\"},{\"@type\":\"Organization\",\"@id\":\"https:\\\/\\\/www.vaticano.com\\\/#organization\",\"name\":\"Vaticano.com\",\"url\":\"https:\\\/\\\/www.vaticano.com\\\/\",\"logo\":{\"@type\":\"ImageObject\",\"inLanguage\":\"pt-PT\",\"@id\":\"https:\\\/\\\/www.vaticano.com\\\/#\\\/schema\\\/logo\\\/image\\\/\",\"url\":\"https:\\\/\\\/www.vaticano.com\\\/wp-content\\\/uploads\\\/2026\\\/05\\\/vaticano-1.png\",\"contentUrl\":\"https:\\\/\\\/www.vaticano.com\\\/wp-content\\\/uploads\\\/2026\\\/05\\\/vaticano-1.png\",\"width\":600,\"height\":150,\"caption\":\"Vaticano.com\"},\"image\":{\"@id\":\"https:\\\/\\\/www.vaticano.com\\\/#\\\/schema\\\/logo\\\/image\\\/\"}},{\"@type\":\"Person\",\"@id\":\"https:\\\/\\\/www.vaticano.com\\\/#\\\/schema\\\/person\\\/5e19ba52fdb505adeb6b55fe216cce3b\",\"name\":\"Padre Bernardo\",\"description\":\"Frate Minore Francescano, teologo e custode della tradizione liturgica. Dedica la sua vita alla preghiera contemplativa e allo studio delle vite dei Santi. Attraverso le sue riflessioni, guida i fedeli alla riscoperta delle radici pi\u00f9 profonde della devozione cattolica e delle grandi suppliche della tradizione ecclesiale, unendo l'umilt\u00e0 francescana al rigore dottrinale.\",\"url\":\"https:\\\/\\\/www.vaticano.com\\\/pt-pt\\\/author\\\/padrebernardo\\\/\"}]}<\/script>\n<!-- \/ Yoast SEO plugin. -->","yoast_head_json":{"title":"Stabat Mater: A Dor Universal da M\u00e3e aos P\u00e9s da Cruz - Vaticano.com","robots":{"index":"index","follow":"follow","max-snippet":"max-snippet:-1","max-image-preview":"max-image-preview:large","max-video-preview":"max-video-preview:-1"},"canonical":"https:\/\/www.vaticano.com\/pt-pt\/stabat-mater-a-dor-universal-da-mae-aos-pes-da-cruz\/","og_locale":"pt_PT","og_type":"article","og_title":"Stabat Mater: A Dor Universal da M\u00e3e aos P\u00e9s da Cruz - Vaticano.com","og_description":"Uma an\u00e1lise teol\u00f3gica e hist\u00f3rica do Stabat Mater, o c\u00e9lebre hino medieval atribu\u00eddo a Jacopone da Todi, que medita sobre a dor da Virgem Maria aos p\u00e9s da cruz.","og_url":"https:\/\/www.vaticano.com\/pt-pt\/stabat-mater-a-dor-universal-da-mae-aos-pes-da-cruz\/","og_site_name":"Vaticano.com","article_published_time":"2026-08-25T01:15:02+00:00","article_modified_time":"2026-08-28T10:43:47+00:00","og_image":[{"width":1500,"height":1500,"url":"https:\/\/www.vaticano.com\/wp-content\/uploads\/2026\/08\/preghiera_37_1787578505.jpg","type":"image\/jpeg"}],"author":"Padre Bernardo","twitter_card":"summary_large_image","twitter_misc":{"Escrito por":"Padre Bernardo","Tempo estimado de leitura":"2 minutos"},"schema":{"@context":"https:\/\/schema.org","@graph":[{"@type":"Article","@id":"https:\/\/www.vaticano.com\/pt-pt\/stabat-mater-a-dor-universal-da-mae-aos-pes-da-cruz\/#article","isPartOf":{"@id":"https:\/\/www.vaticano.com\/pt-pt\/stabat-mater-a-dor-universal-da-mae-aos-pes-da-cruz\/"},"author":{"name":"Padre Bernardo","@id":"https:\/\/www.vaticano.com\/#\/schema\/person\/5e19ba52fdb505adeb6b55fe216cce3b"},"headline":"Stabat Mater: A Dor Universal da M\u00e3e aos P\u00e9s da Cruz","datePublished":"2026-08-25T01:15:02+00:00","dateModified":"2026-08-28T10:43:47+00:00","mainEntityOfPage":{"@id":"https:\/\/www.vaticano.com\/pt-pt\/stabat-mater-a-dor-universal-da-mae-aos-pes-da-cruz\/"},"wordCount":359,"commentCount":0,"publisher":{"@id":"https:\/\/www.vaticano.com\/#organization"},"image":{"@id":"https:\/\/www.vaticano.com\/pt-pt\/stabat-mater-a-dor-universal-da-mae-aos-pes-da-cruz\/#primaryimage"},"thumbnailUrl":"https:\/\/www.vaticano.com\/wp-content\/uploads\/2026\/08\/preghiera_37_1787578505.jpg","articleSection":["Grandes Hinos, C\u00e2nticos e Ora\u00e7\u00f5es Lit\u00fargicas","Ora\u00e7\u00f5es"],"inLanguage":"pt-PT","potentialAction":[{"@type":"CommentAction","name":"Comment","target":["https:\/\/www.vaticano.com\/pt-pt\/stabat-mater-a-dor-universal-da-mae-aos-pes-da-cruz\/#respond"]}]},{"@type":"WebPage","@id":"https:\/\/www.vaticano.com\/pt-pt\/stabat-mater-a-dor-universal-da-mae-aos-pes-da-cruz\/","url":"https:\/\/www.vaticano.com\/pt-pt\/stabat-mater-a-dor-universal-da-mae-aos-pes-da-cruz\/","name":"Stabat Mater: A Dor Universal da M\u00e3e aos P\u00e9s da Cruz - Vaticano.com","isPartOf":{"@id":"https:\/\/www.vaticano.com\/#website"},"primaryImageOfPage":{"@id":"https:\/\/www.vaticano.com\/pt-pt\/stabat-mater-a-dor-universal-da-mae-aos-pes-da-cruz\/#primaryimage"},"image":{"@id":"https:\/\/www.vaticano.com\/pt-pt\/stabat-mater-a-dor-universal-da-mae-aos-pes-da-cruz\/#primaryimage"},"thumbnailUrl":"https:\/\/www.vaticano.com\/wp-content\/uploads\/2026\/08\/preghiera_37_1787578505.jpg","datePublished":"2026-08-25T01:15:02+00:00","dateModified":"2026-08-28T10:43:47+00:00","breadcrumb":{"@id":"https:\/\/www.vaticano.com\/pt-pt\/stabat-mater-a-dor-universal-da-mae-aos-pes-da-cruz\/#breadcrumb"},"inLanguage":"pt-PT","potentialAction":[{"@type":"ReadAction","target":["https:\/\/www.vaticano.com\/pt-pt\/stabat-mater-a-dor-universal-da-mae-aos-pes-da-cruz\/"]}]},{"@type":"ImageObject","inLanguage":"pt-PT","@id":"https:\/\/www.vaticano.com\/pt-pt\/stabat-mater-a-dor-universal-da-mae-aos-pes-da-cruz\/#primaryimage","url":"https:\/\/www.vaticano.com\/wp-content\/uploads\/2026\/08\/preghiera_37_1787578505.jpg","contentUrl":"https:\/\/www.vaticano.com\/wp-content\/uploads\/2026\/08\/preghiera_37_1787578505.jpg","width":1500,"height":1500},{"@type":"BreadcrumbList","@id":"https:\/\/www.vaticano.com\/pt-pt\/stabat-mater-a-dor-universal-da-mae-aos-pes-da-cruz\/#breadcrumb","itemListElement":[{"@type":"ListItem","position":1,"name":"Home","item":"https:\/\/www.vaticano.com\/pt-pt\/vaticano-com-religious-tourism-shrines-news\/"},{"@type":"ListItem","position":2,"name":"Stabat Mater: A Dor Universal da M\u00e3e aos P\u00e9s da Cruz"}]},{"@type":"WebSite","@id":"https:\/\/www.vaticano.com\/#website","url":"https:\/\/www.vaticano.com\/","name":"Vaticano.com","description":"Turismo Religioso, Santuari, Notizie dal mondo cattolico","publisher":{"@id":"https:\/\/www.vaticano.com\/#organization"},"potentialAction":[{"@type":"SearchAction","target":{"@type":"EntryPoint","urlTemplate":"https:\/\/www.vaticano.com\/?s={search_term_string}"},"query-input":{"@type":"PropertyValueSpecification","valueRequired":true,"valueName":"search_term_string"}}],"inLanguage":"pt-PT"},{"@type":"Organization","@id":"https:\/\/www.vaticano.com\/#organization","name":"Vaticano.com","url":"https:\/\/www.vaticano.com\/","logo":{"@type":"ImageObject","inLanguage":"pt-PT","@id":"https:\/\/www.vaticano.com\/#\/schema\/logo\/image\/","url":"https:\/\/www.vaticano.com\/wp-content\/uploads\/2026\/05\/vaticano-1.png","contentUrl":"https:\/\/www.vaticano.com\/wp-content\/uploads\/2026\/05\/vaticano-1.png","width":600,"height":150,"caption":"Vaticano.com"},"image":{"@id":"https:\/\/www.vaticano.com\/#\/schema\/logo\/image\/"}},{"@type":"Person","@id":"https:\/\/www.vaticano.com\/#\/schema\/person\/5e19ba52fdb505adeb6b55fe216cce3b","name":"Padre Bernardo","description":"Frate Minore Francescano, teologo e custode della tradizione liturgica. Dedica la sua vita alla preghiera contemplativa e allo studio delle vite dei Santi. Attraverso le sue riflessioni, guida i fedeli alla riscoperta delle radici pi\u00f9 profonde della devozione cattolica e delle grandi suppliche della tradizione ecclesiale, unendo l'umilt\u00e0 francescana al rigore dottrinale.","url":"https:\/\/www.vaticano.com\/pt-pt\/author\/padrebernardo\/"}]}},"_links":{"self":[{"href":"https:\/\/www.vaticano.com\/pt-pt\/wp-json\/wp\/v2\/posts\/16407","targetHints":{"allow":["GET"]}}],"collection":[{"href":"https:\/\/www.vaticano.com\/pt-pt\/wp-json\/wp\/v2\/posts"}],"about":[{"href":"https:\/\/www.vaticano.com\/pt-pt\/wp-json\/wp\/v2\/types\/post"}],"author":[{"embeddable":true,"href":"https:\/\/www.vaticano.com\/pt-pt\/wp-json\/wp\/v2\/users\/43"}],"replies":[{"embeddable":true,"href":"https:\/\/www.vaticano.com\/pt-pt\/wp-json\/wp\/v2\/comments?post=16407"}],"version-history":[{"count":0,"href":"https:\/\/www.vaticano.com\/pt-pt\/wp-json\/wp\/v2\/posts\/16407\/revisions"}],"wp:featuredmedia":[{"embeddable":true,"href":"https:\/\/www.vaticano.com\/pt-pt\/wp-json\/wp\/v2\/media\/16355"}],"wp:attachment":[{"href":"https:\/\/www.vaticano.com\/pt-pt\/wp-json\/wp\/v2\/media?parent=16407"}],"wp:term":[{"taxonomy":"category","embeddable":true,"href":"https:\/\/www.vaticano.com\/pt-pt\/wp-json\/wp\/v2\/categories?post=16407"},{"taxonomy":"post_tag","embeddable":true,"href":"https:\/\/www.vaticano.com\/pt-pt\/wp-json\/wp\/v2\/tags?post=16407"}],"curies":[{"name":"wp","href":"https:\/\/api.w.org\/{rel}","templated":true}]}}