{"id":16416,"date":"2026-08-26T03:15:02","date_gmt":"2026-08-26T01:15:02","guid":{"rendered":"https:\/\/www.vaticano.com\/la-preghiera-universale-di-papa-clemente-xi-fede-abbandono-e-ritorno-alle-origini\/"},"modified":"2026-08-28T12:44:32","modified_gmt":"2026-08-28T10:44:32","slug":"a-oracao-universal-do-papa-clemente-xi-fe-abandono-e-regresso-as-origens","status":"publish","type":"post","link":"https:\/\/www.vaticano.com\/pt-pt\/a-oracao-universal-do-papa-clemente-xi-fe-abandono-e-regresso-as-origens\/","title":{"rendered":"A Ora\u00e7\u00e3o Universal do Papa Clemente XI: F\u00e9, Abandono e Regresso \u00e0s Origens"},"content":{"rendered":"\n<h1>Ora\u00e7\u00e3o Universal do Papa Clemente XI (Senhor, creio em Ti, faze que creia mais firmemente)<\/h1><blockquote style=\"background: #FFFDF9;border-left: 4px solid #CF9D14;padding: 25px;margin: 25px 0;font-style: italic;font-size: 1.25rem;line-height: 1.8;color: #2d3748;border-radius: 0 8px 8px 0\">Senhor, creio em Ti, faze que creia mais firmemente,<br>espero em Ti, faze que espere com mais seguran\u00e7a,<br>amo-Te, faze que Te ame com mais fervor,<br>arrependo-me do meu pecado, faze que tenha maior arrependimento.<br><br>Adoro-Te como meu primeiro criador,<br>desejo-Te como meu \u00faltimo fim,<br>louvo-Te como meu perp\u00e9tuo benfeitor,<br>invoco-Te como meu prop\u00edcio defensor.<br><br>Guia-me com a Tua sabedoria,<br>prende-me a Ti com a Tua justi\u00e7a,<br>consola-me com a Tua clem\u00eancia,<br>protege-me com a Tua pot\u00eancia.<br><br>Ofere\u00e7o-Te os meus pensamentos, para que sejam voltados para Ti,<br>ofere\u00e7o-Te as minhas palavras, para que falem de Ti,<br>ofere\u00e7o-Te as minhas obras, para que sejam cumpridas por Ti,<br>ofere\u00e7o-Te os meus sofrimentos, para que sejam suportados por Ti.<br><br>Quero o que Tu queres,<br>quero-o porque Tu o queres,<br>quero-o como Tu o queres,<br>quero-o enquanto Tu o quiseres.<br><br>Senhor, pe\u00e7o-Te que ilumines a minha mente,<br>que inflames a minha vontade,<br>que purifiques o meu corpo,<br>que santifiques a minha alma.<br><br>Faze que eu chore as culpas passadas,<br>que rejeite as tenta\u00e7\u00f5es futuras,<br>que corrija os v\u00edcios da alma,<br>que cultive as virtudes convenientes.<br><br>D\u00e1-me, \u00f3 Deus bom, amor por Ti,<br>\u00f3dio por mim mesmo, zelo pelo pr\u00f3ximo,<br>desprezo pelo mundo.<br><br>Faze que eu seja obediente aos superiores,<br>providencial para com os inferiores,<br>amigo dos amigos,<br>invejoso de ningu\u00e9m.<br><br>Faze que eu guarde a f\u00e9,<br>que cumpra a promessa,<br>que conserve a justi\u00e7a,<br>que seja constante na paz.<br><br>Assiste-me com a Tua gra\u00e7a para que eu me torne um penitente sincero,<br>crist\u00e3o fervoroso,<br>santo sacerdote,<br>e chegue finalmente \u00e0 Tua gl\u00f3ria. Am\u00e9m.<\/blockquote><p>A Ora\u00e7\u00e3o Universal do Papa Clemente XI representa um dos pontos altos da espiritualidade cat\u00f3lica moderna, unindo num \u00fanico texto a profundidade da teologia dogm\u00e1tica e a imedia\u00e7\u00e3o da devo\u00e7\u00e3o popular. Composta entre o final do s\u00e9culo XVII e o in\u00edcio do s\u00e9culo XVIII por Giovanni Francesco Albani, que subiu ao trono pontif\u00edcio em 1700 com o nome de Clemente XI, esta ora\u00e7\u00e3o chegou at\u00e9 n\u00f3s como um verdadeiro comp\u00eandio da vida crist\u00e3. Originalmente escrita em latim (conhecida como o *Credo* de Clemente XI), foi concebida n\u00e3o como um texto lit\u00fargico oficial, mas como um instrumento de ora\u00e7\u00e3o di\u00e1ria e medita\u00e7\u00e3o pessoal, capaz de se adaptar tanto ao recolhimento nos mosteiros quanto \u00e0 simplicidade da vida rural e dom\u00e9stica.<\/p><p>Do ponto de vista teol\u00f3gico, o texto desenvolve-se como um caminho ascensional da alma em dire\u00e7\u00e3o a Deus, estruturado em torno das virtudes teologais e cardeais. A primeira estrofe evoca imediatamente as virtudes da f\u00e9, esperan\u00e7a e caridade, pedindo n\u00e3o apenas o dom de as possuir, mas de as ver aumentadas num crescendo de intensidade espiritual (*&#8221;faze com que creia mais firmemente&#8221;*). Esta abordagem reflete o clima cultural e religioso da Europa p\u00f3s-tridentina, fortemente empenhada em consolidar as bases da f\u00e9 contra os desvios doutrinais da \u00e9poca, sem, contudo, perder de vista a dimens\u00e3o \u00edntima e afetiva da rela\u00e7\u00e3o com o Criador.<\/p><p>Ao longo dos s\u00e9culos, a ora\u00e7\u00e3o ultrapassou as fronteiras das grandes bas\u00edlicas para se radicar profundamente na piedade popular e nas comunidades rurais. Traduzida em in\u00fameras l\u00ednguas e dialetos, era frequentemente inclu\u00edda em livretos de ora\u00e7\u00e3o de bolso que os camponeses e artes\u00e3os levavam consigo para os campos ou para as oficinas. A sua for\u00e7a reside na capacidade de oferecer palavras precisas para cada aspeto da exist\u00eancia humana: desde o oferecimento dos pensamentos e dos sofrimentos at\u00e9 ao prop\u00f3sito de guardar a justi\u00e7a e a paz. Ainda hoje, redescobrir a ora\u00e7\u00e3o de Clemente XI significa mergulhar numa tradi\u00e7\u00e3o milenar de total abandono \u00e0 vontade divina, um exerc\u00edcio espiritual que mant\u00e9m intacta a sua extraordin\u00e1ria atualidade para cada crente em busca de autenticidade.<\/p>\n","protected":false},"excerpt":{"rendered":"<p>Uma an\u00e1lise aprofundada da Ora\u00e7\u00e3o Universal do Papa Clemente XI, que inclui o texto tradicional completo e um ensaio hist\u00f3rico-teol\u00f3gico sobre as suas origens e a sua difus\u00e3o na devo\u00e7\u00e3o popular.<\/p>\n","protected":false},"author":43,"featured_media":16361,"comment_status":"open","ping_status":"open","sticky":false,"template":"","format":"standard","meta":{"footnotes":""},"categories":[4822,4917],"tags":[],"class_list":["post-16416","post","type-post","status-publish","format-standard","has-post-thumbnail","hentry","category-oracoes","category-oracoes-da-devocao-popular-rurais-antigas-e-de-oficios"],"blocksy_meta":[],"yoast_head":"<!-- This site is optimized with the Yoast SEO plugin v28.4 - https:\/\/yoast.com\/product\/yoast-seo-wordpress\/ -->\n<title>A Ora\u00e7\u00e3o Universal do Papa Clemente XI: F\u00e9, Abandono e Regresso \u00e0s Origens - Vaticano.com<\/title>\n<meta name=\"robots\" content=\"index, follow, max-snippet:-1, max-image-preview:large, max-video-preview:-1\" \/>\n<link rel=\"canonical\" href=\"https:\/\/www.vaticano.com\/pt-pt\/a-oracao-universal-do-papa-clemente-xi-fe-abandono-e-regresso-as-origens\/\" \/>\n<meta property=\"og:locale\" content=\"pt_PT\" \/>\n<meta property=\"og:type\" content=\"article\" \/>\n<meta property=\"og:title\" content=\"A Ora\u00e7\u00e3o Universal do Papa Clemente XI: F\u00e9, Abandono e Regresso \u00e0s Origens - Vaticano.com\" \/>\n<meta property=\"og:description\" content=\"Uma an\u00e1lise aprofundada da Ora\u00e7\u00e3o Universal do Papa Clemente XI, que inclui o texto tradicional completo e um ensaio hist\u00f3rico-teol\u00f3gico sobre as suas origens e a sua difus\u00e3o na devo\u00e7\u00e3o popular.\" \/>\n<meta property=\"og:url\" content=\"https:\/\/www.vaticano.com\/pt-pt\/a-oracao-universal-do-papa-clemente-xi-fe-abandono-e-regresso-as-origens\/\" \/>\n<meta property=\"og:site_name\" content=\"Vaticano.com\" \/>\n<meta property=\"article:published_time\" content=\"2026-08-26T01:15:02+00:00\" \/>\n<meta property=\"article:modified_time\" content=\"2026-08-28T10:44:32+00:00\" \/>\n<meta property=\"og:image\" content=\"https:\/\/www.vaticano.com\/wp-content\/uploads\/2026\/08\/preghiera_400_1787664907.jpg\" \/>\n\t<meta property=\"og:image:width\" content=\"1500\" \/>\n\t<meta property=\"og:image:height\" content=\"1500\" \/>\n\t<meta property=\"og:image:type\" content=\"image\/jpeg\" \/>\n<meta name=\"author\" content=\"Padre Bernardo\" \/>\n<meta name=\"twitter:card\" content=\"summary_large_image\" \/>\n<meta name=\"twitter:label1\" content=\"Escrito por\" \/>\n\t<meta name=\"twitter:data1\" content=\"Padre Bernardo\" \/>\n\t<meta name=\"twitter:label2\" content=\"Tempo estimado de leitura\" \/>\n\t<meta name=\"twitter:data2\" content=\"3 minutos\" \/>\n<script type=\"application\/ld+json\" class=\"yoast-schema-graph\">{\"@context\":\"https:\\\/\\\/schema.org\",\"@graph\":[{\"@type\":\"Article\",\"@id\":\"https:\\\/\\\/www.vaticano.com\\\/pt-pt\\\/a-oracao-universal-do-papa-clemente-xi-fe-abandono-e-regresso-as-origens\\\/#article\",\"isPartOf\":{\"@id\":\"https:\\\/\\\/www.vaticano.com\\\/pt-pt\\\/a-oracao-universal-do-papa-clemente-xi-fe-abandono-e-regresso-as-origens\\\/\"},\"author\":{\"name\":\"Padre Bernardo\",\"@id\":\"https:\\\/\\\/www.vaticano.com\\\/#\\\/schema\\\/person\\\/5e19ba52fdb505adeb6b55fe216cce3b\"},\"headline\":\"A Ora\u00e7\u00e3o Universal do Papa Clemente XI: F\u00e9, Abandono e Regresso \u00e0s Origens\",\"datePublished\":\"2026-08-26T01:15:02+00:00\",\"dateModified\":\"2026-08-28T10:44:32+00:00\",\"mainEntityOfPage\":{\"@id\":\"https:\\\/\\\/www.vaticano.com\\\/pt-pt\\\/a-oracao-universal-do-papa-clemente-xi-fe-abandono-e-regresso-as-origens\\\/\"},\"wordCount\":690,\"commentCount\":0,\"publisher\":{\"@id\":\"https:\\\/\\\/www.vaticano.com\\\/#organization\"},\"image\":{\"@id\":\"https:\\\/\\\/www.vaticano.com\\\/pt-pt\\\/a-oracao-universal-do-papa-clemente-xi-fe-abandono-e-regresso-as-origens\\\/#primaryimage\"},\"thumbnailUrl\":\"https:\\\/\\\/www.vaticano.com\\\/wp-content\\\/uploads\\\/2026\\\/08\\\/preghiera_400_1787664907.jpg\",\"articleSection\":[\"Ora\u00e7\u00f5es\",\"Ora\u00e7\u00f5es da Devo\u00e7\u00e3o Popular, Rurais, Antigas e de Of\u00edcios\"],\"inLanguage\":\"pt-PT\",\"potentialAction\":[{\"@type\":\"CommentAction\",\"name\":\"Comment\",\"target\":[\"https:\\\/\\\/www.vaticano.com\\\/pt-pt\\\/a-oracao-universal-do-papa-clemente-xi-fe-abandono-e-regresso-as-origens\\\/#respond\"]}]},{\"@type\":\"WebPage\",\"@id\":\"https:\\\/\\\/www.vaticano.com\\\/pt-pt\\\/a-oracao-universal-do-papa-clemente-xi-fe-abandono-e-regresso-as-origens\\\/\",\"url\":\"https:\\\/\\\/www.vaticano.com\\\/pt-pt\\\/a-oracao-universal-do-papa-clemente-xi-fe-abandono-e-regresso-as-origens\\\/\",\"name\":\"A Ora\u00e7\u00e3o Universal do Papa Clemente XI: F\u00e9, Abandono e Regresso \u00e0s Origens - Vaticano.com\",\"isPartOf\":{\"@id\":\"https:\\\/\\\/www.vaticano.com\\\/#website\"},\"primaryImageOfPage\":{\"@id\":\"https:\\\/\\\/www.vaticano.com\\\/pt-pt\\\/a-oracao-universal-do-papa-clemente-xi-fe-abandono-e-regresso-as-origens\\\/#primaryimage\"},\"image\":{\"@id\":\"https:\\\/\\\/www.vaticano.com\\\/pt-pt\\\/a-oracao-universal-do-papa-clemente-xi-fe-abandono-e-regresso-as-origens\\\/#primaryimage\"},\"thumbnailUrl\":\"https:\\\/\\\/www.vaticano.com\\\/wp-content\\\/uploads\\\/2026\\\/08\\\/preghiera_400_1787664907.jpg\",\"datePublished\":\"2026-08-26T01:15:02+00:00\",\"dateModified\":\"2026-08-28T10:44:32+00:00\",\"breadcrumb\":{\"@id\":\"https:\\\/\\\/www.vaticano.com\\\/pt-pt\\\/a-oracao-universal-do-papa-clemente-xi-fe-abandono-e-regresso-as-origens\\\/#breadcrumb\"},\"inLanguage\":\"pt-PT\",\"potentialAction\":[{\"@type\":\"ReadAction\",\"target\":[\"https:\\\/\\\/www.vaticano.com\\\/pt-pt\\\/a-oracao-universal-do-papa-clemente-xi-fe-abandono-e-regresso-as-origens\\\/\"]}]},{\"@type\":\"ImageObject\",\"inLanguage\":\"pt-PT\",\"@id\":\"https:\\\/\\\/www.vaticano.com\\\/pt-pt\\\/a-oracao-universal-do-papa-clemente-xi-fe-abandono-e-regresso-as-origens\\\/#primaryimage\",\"url\":\"https:\\\/\\\/www.vaticano.com\\\/wp-content\\\/uploads\\\/2026\\\/08\\\/preghiera_400_1787664907.jpg\",\"contentUrl\":\"https:\\\/\\\/www.vaticano.com\\\/wp-content\\\/uploads\\\/2026\\\/08\\\/preghiera_400_1787664907.jpg\",\"width\":1500,\"height\":1500},{\"@type\":\"BreadcrumbList\",\"@id\":\"https:\\\/\\\/www.vaticano.com\\\/pt-pt\\\/a-oracao-universal-do-papa-clemente-xi-fe-abandono-e-regresso-as-origens\\\/#breadcrumb\",\"itemListElement\":[{\"@type\":\"ListItem\",\"position\":1,\"name\":\"Home\",\"item\":\"https:\\\/\\\/www.vaticano.com\\\/pt-pt\\\/vaticano-com-religious-tourism-shrines-news\\\/\"},{\"@type\":\"ListItem\",\"position\":2,\"name\":\"A Ora\u00e7\u00e3o Universal do Papa Clemente XI: F\u00e9, Abandono e Regresso \u00e0s Origens\"}]},{\"@type\":\"WebSite\",\"@id\":\"https:\\\/\\\/www.vaticano.com\\\/#website\",\"url\":\"https:\\\/\\\/www.vaticano.com\\\/\",\"name\":\"Vaticano.com\",\"description\":\"Turismo Religioso, Santuari, Notizie dal mondo cattolico\",\"publisher\":{\"@id\":\"https:\\\/\\\/www.vaticano.com\\\/#organization\"},\"potentialAction\":[{\"@type\":\"SearchAction\",\"target\":{\"@type\":\"EntryPoint\",\"urlTemplate\":\"https:\\\/\\\/www.vaticano.com\\\/?s={search_term_string}\"},\"query-input\":{\"@type\":\"PropertyValueSpecification\",\"valueRequired\":true,\"valueName\":\"search_term_string\"}}],\"inLanguage\":\"pt-PT\"},{\"@type\":\"Organization\",\"@id\":\"https:\\\/\\\/www.vaticano.com\\\/#organization\",\"name\":\"Vaticano.com\",\"url\":\"https:\\\/\\\/www.vaticano.com\\\/\",\"logo\":{\"@type\":\"ImageObject\",\"inLanguage\":\"pt-PT\",\"@id\":\"https:\\\/\\\/www.vaticano.com\\\/#\\\/schema\\\/logo\\\/image\\\/\",\"url\":\"https:\\\/\\\/www.vaticano.com\\\/wp-content\\\/uploads\\\/2026\\\/05\\\/vaticano-1.png\",\"contentUrl\":\"https:\\\/\\\/www.vaticano.com\\\/wp-content\\\/uploads\\\/2026\\\/05\\\/vaticano-1.png\",\"width\":600,\"height\":150,\"caption\":\"Vaticano.com\"},\"image\":{\"@id\":\"https:\\\/\\\/www.vaticano.com\\\/#\\\/schema\\\/logo\\\/image\\\/\"}},{\"@type\":\"Person\",\"@id\":\"https:\\\/\\\/www.vaticano.com\\\/#\\\/schema\\\/person\\\/5e19ba52fdb505adeb6b55fe216cce3b\",\"name\":\"Padre Bernardo\",\"description\":\"Frate Minore Francescano, teologo e custode della tradizione liturgica. Dedica la sua vita alla preghiera contemplativa e allo studio delle vite dei Santi. Attraverso le sue riflessioni, guida i fedeli alla riscoperta delle radici pi\u00f9 profonde della devozione cattolica e delle grandi suppliche della tradizione ecclesiale, unendo l'umilt\u00e0 francescana al rigore dottrinale.\",\"url\":\"https:\\\/\\\/www.vaticano.com\\\/pt-pt\\\/author\\\/padrebernardo\\\/\"}]}<\/script>\n<!-- \/ Yoast SEO plugin. -->","yoast_head_json":{"title":"A Ora\u00e7\u00e3o Universal do Papa Clemente XI: F\u00e9, Abandono e Regresso \u00e0s Origens - Vaticano.com","robots":{"index":"index","follow":"follow","max-snippet":"max-snippet:-1","max-image-preview":"max-image-preview:large","max-video-preview":"max-video-preview:-1"},"canonical":"https:\/\/www.vaticano.com\/pt-pt\/a-oracao-universal-do-papa-clemente-xi-fe-abandono-e-regresso-as-origens\/","og_locale":"pt_PT","og_type":"article","og_title":"A Ora\u00e7\u00e3o Universal do Papa Clemente XI: F\u00e9, Abandono e Regresso \u00e0s Origens - Vaticano.com","og_description":"Uma an\u00e1lise aprofundada da Ora\u00e7\u00e3o Universal do Papa Clemente XI, que inclui o texto tradicional completo e um ensaio hist\u00f3rico-teol\u00f3gico sobre as suas origens e a sua difus\u00e3o na devo\u00e7\u00e3o popular.","og_url":"https:\/\/www.vaticano.com\/pt-pt\/a-oracao-universal-do-papa-clemente-xi-fe-abandono-e-regresso-as-origens\/","og_site_name":"Vaticano.com","article_published_time":"2026-08-26T01:15:02+00:00","article_modified_time":"2026-08-28T10:44:32+00:00","og_image":[{"width":1500,"height":1500,"url":"https:\/\/www.vaticano.com\/wp-content\/uploads\/2026\/08\/preghiera_400_1787664907.jpg","type":"image\/jpeg"}],"author":"Padre Bernardo","twitter_card":"summary_large_image","twitter_misc":{"Escrito por":"Padre Bernardo","Tempo estimado de leitura":"3 minutos"},"schema":{"@context":"https:\/\/schema.org","@graph":[{"@type":"Article","@id":"https:\/\/www.vaticano.com\/pt-pt\/a-oracao-universal-do-papa-clemente-xi-fe-abandono-e-regresso-as-origens\/#article","isPartOf":{"@id":"https:\/\/www.vaticano.com\/pt-pt\/a-oracao-universal-do-papa-clemente-xi-fe-abandono-e-regresso-as-origens\/"},"author":{"name":"Padre Bernardo","@id":"https:\/\/www.vaticano.com\/#\/schema\/person\/5e19ba52fdb505adeb6b55fe216cce3b"},"headline":"A Ora\u00e7\u00e3o Universal do Papa Clemente XI: F\u00e9, Abandono e Regresso \u00e0s Origens","datePublished":"2026-08-26T01:15:02+00:00","dateModified":"2026-08-28T10:44:32+00:00","mainEntityOfPage":{"@id":"https:\/\/www.vaticano.com\/pt-pt\/a-oracao-universal-do-papa-clemente-xi-fe-abandono-e-regresso-as-origens\/"},"wordCount":690,"commentCount":0,"publisher":{"@id":"https:\/\/www.vaticano.com\/#organization"},"image":{"@id":"https:\/\/www.vaticano.com\/pt-pt\/a-oracao-universal-do-papa-clemente-xi-fe-abandono-e-regresso-as-origens\/#primaryimage"},"thumbnailUrl":"https:\/\/www.vaticano.com\/wp-content\/uploads\/2026\/08\/preghiera_400_1787664907.jpg","articleSection":["Ora\u00e7\u00f5es","Ora\u00e7\u00f5es da Devo\u00e7\u00e3o Popular, Rurais, Antigas e de Of\u00edcios"],"inLanguage":"pt-PT","potentialAction":[{"@type":"CommentAction","name":"Comment","target":["https:\/\/www.vaticano.com\/pt-pt\/a-oracao-universal-do-papa-clemente-xi-fe-abandono-e-regresso-as-origens\/#respond"]}]},{"@type":"WebPage","@id":"https:\/\/www.vaticano.com\/pt-pt\/a-oracao-universal-do-papa-clemente-xi-fe-abandono-e-regresso-as-origens\/","url":"https:\/\/www.vaticano.com\/pt-pt\/a-oracao-universal-do-papa-clemente-xi-fe-abandono-e-regresso-as-origens\/","name":"A Ora\u00e7\u00e3o Universal do Papa Clemente XI: F\u00e9, Abandono e Regresso \u00e0s Origens - Vaticano.com","isPartOf":{"@id":"https:\/\/www.vaticano.com\/#website"},"primaryImageOfPage":{"@id":"https:\/\/www.vaticano.com\/pt-pt\/a-oracao-universal-do-papa-clemente-xi-fe-abandono-e-regresso-as-origens\/#primaryimage"},"image":{"@id":"https:\/\/www.vaticano.com\/pt-pt\/a-oracao-universal-do-papa-clemente-xi-fe-abandono-e-regresso-as-origens\/#primaryimage"},"thumbnailUrl":"https:\/\/www.vaticano.com\/wp-content\/uploads\/2026\/08\/preghiera_400_1787664907.jpg","datePublished":"2026-08-26T01:15:02+00:00","dateModified":"2026-08-28T10:44:32+00:00","breadcrumb":{"@id":"https:\/\/www.vaticano.com\/pt-pt\/a-oracao-universal-do-papa-clemente-xi-fe-abandono-e-regresso-as-origens\/#breadcrumb"},"inLanguage":"pt-PT","potentialAction":[{"@type":"ReadAction","target":["https:\/\/www.vaticano.com\/pt-pt\/a-oracao-universal-do-papa-clemente-xi-fe-abandono-e-regresso-as-origens\/"]}]},{"@type":"ImageObject","inLanguage":"pt-PT","@id":"https:\/\/www.vaticano.com\/pt-pt\/a-oracao-universal-do-papa-clemente-xi-fe-abandono-e-regresso-as-origens\/#primaryimage","url":"https:\/\/www.vaticano.com\/wp-content\/uploads\/2026\/08\/preghiera_400_1787664907.jpg","contentUrl":"https:\/\/www.vaticano.com\/wp-content\/uploads\/2026\/08\/preghiera_400_1787664907.jpg","width":1500,"height":1500},{"@type":"BreadcrumbList","@id":"https:\/\/www.vaticano.com\/pt-pt\/a-oracao-universal-do-papa-clemente-xi-fe-abandono-e-regresso-as-origens\/#breadcrumb","itemListElement":[{"@type":"ListItem","position":1,"name":"Home","item":"https:\/\/www.vaticano.com\/pt-pt\/vaticano-com-religious-tourism-shrines-news\/"},{"@type":"ListItem","position":2,"name":"A Ora\u00e7\u00e3o Universal do Papa Clemente XI: F\u00e9, Abandono e Regresso \u00e0s Origens"}]},{"@type":"WebSite","@id":"https:\/\/www.vaticano.com\/#website","url":"https:\/\/www.vaticano.com\/","name":"Vaticano.com","description":"Turismo Religioso, Santuari, Notizie dal mondo cattolico","publisher":{"@id":"https:\/\/www.vaticano.com\/#organization"},"potentialAction":[{"@type":"SearchAction","target":{"@type":"EntryPoint","urlTemplate":"https:\/\/www.vaticano.com\/?s={search_term_string}"},"query-input":{"@type":"PropertyValueSpecification","valueRequired":true,"valueName":"search_term_string"}}],"inLanguage":"pt-PT"},{"@type":"Organization","@id":"https:\/\/www.vaticano.com\/#organization","name":"Vaticano.com","url":"https:\/\/www.vaticano.com\/","logo":{"@type":"ImageObject","inLanguage":"pt-PT","@id":"https:\/\/www.vaticano.com\/#\/schema\/logo\/image\/","url":"https:\/\/www.vaticano.com\/wp-content\/uploads\/2026\/05\/vaticano-1.png","contentUrl":"https:\/\/www.vaticano.com\/wp-content\/uploads\/2026\/05\/vaticano-1.png","width":600,"height":150,"caption":"Vaticano.com"},"image":{"@id":"https:\/\/www.vaticano.com\/#\/schema\/logo\/image\/"}},{"@type":"Person","@id":"https:\/\/www.vaticano.com\/#\/schema\/person\/5e19ba52fdb505adeb6b55fe216cce3b","name":"Padre Bernardo","description":"Frate Minore Francescano, teologo e custode della tradizione liturgica. Dedica la sua vita alla preghiera contemplativa e allo studio delle vite dei Santi. Attraverso le sue riflessioni, guida i fedeli alla riscoperta delle radici pi\u00f9 profonde della devozione cattolica e delle grandi suppliche della tradizione ecclesiale, unendo l'umilt\u00e0 francescana al rigore dottrinale.","url":"https:\/\/www.vaticano.com\/pt-pt\/author\/padrebernardo\/"}]}},"_links":{"self":[{"href":"https:\/\/www.vaticano.com\/pt-pt\/wp-json\/wp\/v2\/posts\/16416","targetHints":{"allow":["GET"]}}],"collection":[{"href":"https:\/\/www.vaticano.com\/pt-pt\/wp-json\/wp\/v2\/posts"}],"about":[{"href":"https:\/\/www.vaticano.com\/pt-pt\/wp-json\/wp\/v2\/types\/post"}],"author":[{"embeddable":true,"href":"https:\/\/www.vaticano.com\/pt-pt\/wp-json\/wp\/v2\/users\/43"}],"replies":[{"embeddable":true,"href":"https:\/\/www.vaticano.com\/pt-pt\/wp-json\/wp\/v2\/comments?post=16416"}],"version-history":[{"count":0,"href":"https:\/\/www.vaticano.com\/pt-pt\/wp-json\/wp\/v2\/posts\/16416\/revisions"}],"wp:featuredmedia":[{"embeddable":true,"href":"https:\/\/www.vaticano.com\/pt-pt\/wp-json\/wp\/v2\/media\/16361"}],"wp:attachment":[{"href":"https:\/\/www.vaticano.com\/pt-pt\/wp-json\/wp\/v2\/media?parent=16416"}],"wp:term":[{"taxonomy":"category","embeddable":true,"href":"https:\/\/www.vaticano.com\/pt-pt\/wp-json\/wp\/v2\/categories?post=16416"},{"taxonomy":"post_tag","embeddable":true,"href":"https:\/\/www.vaticano.com\/pt-pt\/wp-json\/wp\/v2\/tags?post=16416"}],"curies":[{"name":"wp","href":"https:\/\/api.w.org\/{rel}","templated":true}]}}